{"id":10213,"date":"2019-09-15T08:00:10","date_gmt":"2019-09-15T06:00:10","guid":{"rendered":"https:\/\/www.haufe-akademie.de\/blog\/?p=10213"},"modified":"2021-08-31T22:53:52","modified_gmt":"2021-08-31T20:53:52","slug":"bye-bye-lampenfieber-ueberwinden-sie-ihre-redeangst","status":"publish","type":"post","link":"https:\/\/www.haufe-akademie.de\/blog\/themen\/persoenliche-kompetenz\/bye-bye-lampenfieber-ueberwinden-sie-ihre-redeangst\/","title":{"rendered":"Bye-bye Lampenfieber: \u00dcberwinden Sie Ihre Redeangst!"},"content":{"rendered":"<p>Feuchte H\u00e4nde, zittrige Knie, rasender Puls, zugeschn\u00fcrte Kehle: Experten zufolge kennen 80 bis 97 Prozent aller Menschen das Lampenfieber aus eigener Erfahrung. Das flaue Gef\u00fchl in der Magengegend entsteht meist vor wichtigen Terminen und kritischen Gespr\u00e4chen, bei denen wir im Mittelpunkt stehen.<\/p>\n<p>Vor Vorstellungsgespr\u00e4chen, Gehaltsverhandlungen, Feedbackgespr\u00e4chen, Pr\u00e4sentationen oder Reden steigt bei den meisten Menschen die Nervosit\u00e4t sp\u00fcrbar an. Dabei kann Lampenfieber in geringem Ma\u00df sogar einen Nutzen f\u00fcr den Betroffenen bringen: Durch die leichte Anspannung steigt die Konzentration, zus\u00e4tzliche Kraftreserven werden mobilisiert, damit wir unsere Leistung voll abrufen k\u00f6nnen.<\/p>\n<p>Kritisch wird es jedoch, wenn durch die Angst das Stresshormon Adrenalin \u00fcberhandnimmt und wir ein St\u00fcck weit die Kontrolle \u00fcber den eigenen K\u00f6rper und das Empfinden verlieren. Nerv\u00f6ses Hin- und Herzappeln, wippende Knie und herumspielende Finger zeigen deutlich, dass wir am liebsten weglaufen w\u00fcrden. Denn darin liegt die urspr\u00fcngliche Funktion des Lampenfiebers: Der K\u00f6rper bereitet sich durch die Muskelanspannung und den erh\u00f6hten Puls auf eine m\u00f6gliche Flucht oder einen Kampf vor.<\/p>\n<p>Der Ausl\u00f6ser hierf\u00fcr ist heute allerdings nicht mehr eine reale Bedrohung wie ein wildes Raubtier oder ein angreifender Konkurrent. Die Vorstellung, gleich vor Publikum sprechen zu m\u00fcssen, gen\u00fcgt f\u00fcr viele Menschen schon, um die innere Abwehr in Gang zu setzen. Psycholog:innen sehen im Lampenfieber eine besondere Form der Leistungs- und Pr\u00fcfungsangst, die auf der menschlichen Urangst beruht, von anderen negativ bewertet und ausgeschlossen zu werden. Schlie\u00dflich sind wir soziale Wesen und brauchen das Gef\u00fchl, von unseren Mitmenschen akzeptiert zu werden.<\/p>\n<h2>Lampenfieber: Entstehung und Erkl\u00e4rung des Begriffs<\/h2>\n<p>Der Begriff \u201eLampenfieber\u201c kommt vom franz\u00f6sischen Ausdruck \u201efi\u00e8vre de rampe\u201c, was in etwa \u201eRampenfieber\u201c bedeutet. Im Theaterjargon wird dieser Begriff seit Mitte des 19. Jahrhunderts als Synonym f\u00fcr die Auftrittsangst von Schauspieler:innen, S\u00e4nger:innen und Musiker:innen benutzt. Man geht davon aus, dass die Gaslampen am B\u00fchnenrand, welche zu dieser Zeit die Theaterb\u00fchnen erleuchteten, zu Schwei\u00dfausbr\u00fcchen bei den Darstellern f\u00fchrten. Eine k\u00f6rperliche Reaktion, die viele Menschen kennen, die einen wichtigen Vortrag oder eine Pr\u00e4sentation halten m\u00fcssen \u2013 selbst wenn nirgendwo eine Gaslampe brennt. Stress-Symptome treten vor allem in diesen vier Momenten auf:<\/p>\n<ul>\n<li><strong>Wenn Sie von dem bevorstehenden Termin erfahren:<\/strong><br \/>\nLange vor der eigentlichen Pr\u00e4sentation bekommen manche Menschen bereits gro\u00dfes Lampenfieber. Es gen\u00fcgt schon der Gedanke daran, vor mehr oder weniger kritischen Zuh\u00f6rern sprechen zu m\u00fcssen, um ein mulmiges Gef\u00fchl zu bekommen. Um die unangenehme Situation zu vermeiden, geben einige Berufst\u00e4tige ihren Redeauftrag dann sogar an Kolleg:innen ab. Schade &#8211; dieses Verhalten ist der Karriere auf Dauer oft nicht zutr\u00e4glich!<\/li>\n<li><strong>Kurz vor dem kritischen Termin:<\/strong><br \/>\nWenige Minuten bevor es losgeht, steigt bei Lampenfiebergeplagten der Stresspegel deutlich an. Sie sind dann sehr mit sich selbst besch\u00e4ftigt, die Gedanken kreisen nur noch um den bevorstehenden Auftritt und die m\u00f6glichen Ablaufszenarien.<\/li>\n<li><strong>W\u00e4hrend der ersten Sekunden im Rampenlicht:<\/strong><br \/>\nWir alle wissen, dass es keine zweite Chance f\u00fcr den ersten Eindruck gibt. Deshalb sind die ersten Sekunden auf der B\u00fchne f\u00fcr die meisten Vortragenden am unangenehmsten.<\/li>\n<li><strong>W\u00e4hrend der Pr\u00e4sentation:<\/strong><br \/>\nWenn Zuschauer:innen husten oder tuscheln, kann dies den Redner aus dem Konzept bringen. Aber auch Texth\u00e4nger, streikende Technik oder unangenehme Zwischenfragen k\u00f6nnen den Stresspegel enorm ansteigen lassen.<\/li>\n<\/ul>\n<h2>Der richtige Umgang mit Lampenfieber \u2013 erste Schritte<\/h2>\n<p>Leider gibt es kein Patentrezept gegen Rede- oder Pr\u00fcfungsangst. Betroffene sollten in einem ersten Ansatz versuchen, das Lampenfieber anzunehmen: Machen Sie sich klar, dass dieses unangenehme Gef\u00fchl ausschlie\u00dflich in anspruchsvollen Situationen auftritt. Hier geht es um etwas! Sei es nun ein spannender Job, den Sie unbedingt wollen oder eine wichtige Pr\u00e4sentation. Versuchen Sie Zittern, schwei\u00dfnasse H\u00e4nde und hektische Flecken als eine nat\u00fcrliche Reaktion Ihres K\u00f6rpers auf diese Pr\u00fcfungssituation zu begreifen und diese k\u00f6rperlichen Ver\u00e4nderungen nicht krampfhaft zu unterdr\u00fccken.<\/p>\n<p>Versuchen Sie Negativformulierungen wie \u201ejetzt blo\u00df nicht zittern\u201c zu vermeiden. Solche S\u00e4tze wirken eher in die umgekehrte Richtung, da das Gehirn sich erst den \u201epositiven\u201c Zustand (zittern) vorstellen muss, um ihn dann verneinen zu k\u00f6nnen.<\/p>\n<p>Manchmal sind es auch schlechte Erfahrungen, die die Angst vor einer Blamage verst\u00e4rken. Diese peinlichen Erlebnisse sind dann im Gegensatz zu fr\u00fcheren, vielleicht auch guten, Erfahrungen viel pr\u00e4senter. Dies hat einen biologischen Grund: Unser Gehirn speichert positive Erfahrungen schlechter ab als negative. Hier gilt es nachzuhelfen, indem man zuerst versucht, eine Situation zu finden, die gut gelaufen ist. Anschlie\u00dfend kann man auf diese fokussieren, reflektieren, auf welche vorhandenen Ressourcen man dabei zur\u00fcckgreifen konnte und sich das positive Erlebnis so stark vergegenw\u00e4rtigen, dass es k\u00f6rperlich sp\u00fcrbar wird. Dann koppelt man dieses Gef\u00fchl mit der Vorstellung an einen zuk\u00fcnftigen Auftritt.<\/p>\n","protected":false},"excerpt":{"rendered":"<p>Feuchte H\u00e4nde, zittrige Knie, rasender Puls, zugeschn\u00fcrte Kehle: Experten zufolge kennen 80 bis 97 Prozent aller Menschen das Lampenfieber aus eigener Erfahrung. Das flaue Gef\u00fchl in der Magengegend entsteht meist vor wichtigen Terminen und kritischen Gespr\u00e4chen, bei denen wir im Mittelpunkt stehen. Vor Vorstellungsgespr\u00e4chen, Gehaltsverhandlungen, Feedbackgespr\u00e4chen, Pr\u00e4sentationen oder Reden steigt bei den meisten Menschen die<\/p>\n<div class=\"pageReadMore\"><i class=\"fa fa-angle-right\"><\/i><a href=\"https:\/\/www.haufe-akademie.de\/blog\/themen\/persoenliche-kompetenz\/bye-bye-lampenfieber-ueberwinden-sie-ihre-redeangst\/\" title=\"Beitrag lesen\">Beitrag lesen<\/a><\/div>\n","protected":false},"author":141,"featured_media":15681,"comment_status":"closed","ping_status":"closed","sticky":false,"template":"","format":"standard","meta":{"_acf_changed":false,"_lmt_disableupdate":"","_lmt_disable":"no","_jetpack_memberships_contains_paid_content":false,"footnotes":""},"categories":[79],"tags":[3799,634,940,3801,3797,3800,942,941,3798],"class_list":{"0":"post-10213","1":"post","2":"type-post","3":"status-publish","4":"format-standard","5":"has-post-thumbnail","7":"category-persoenliche-kompetenz","8":"tag-angst","9":"tag-konzentration","10":"tag-lampenfieber","11":"tag-leistungs-und-pruefungsangst","12":"tag-leistungsangst","13":"tag-muskelanspannung","14":"tag-nervositaet","15":"tag-redehemmung","16":"tag-reden-halten"},"acf":{"p_authors":[10167]},"yoast_head":"<!-- This site is optimized with the Yoast SEO plugin v27.4 - https:\/\/yoast.com\/product\/yoast-seo-wordpress\/ -->\n<title>Bye-bye Lampenfieber: \u00dcberwinden Sie Ihre Redeangst!<\/title>\n<meta name=\"description\" content=\"Leider gibt es kein Patentrezept gegen Lampenfieber, Rede- oder Pr\u00fcfungsangst. - Wir geben Ihnen dennoch n\u00fctzliche Tipps zur \u00dcberwindung Ihrer \u00c4ngste!\" \/>\n<meta name=\"robots\" content=\"index, follow, max-snippet:-1, max-image-preview:large, max-video-preview:-1\" \/>\n<link rel=\"canonical\" href=\"https:\/\/www.haufe-akademie.de\/blog\/themen\/persoenliche-kompetenz\/bye-bye-lampenfieber-ueberwinden-sie-ihre-redeangst\/\" \/>\n<meta property=\"og:locale\" content=\"de_DE\" \/>\n<meta property=\"og:type\" content=\"article\" \/>\n<meta property=\"og:title\" content=\"Bye-bye Lampenfieber: \u00dcberwinden Sie Ihre Redeangst!\" \/>\n<meta property=\"og:description\" content=\"Leider gibt es kein Patentrezept gegen Lampenfieber, Rede- oder Pr\u00fcfungsangst. - Wir geben Ihnen dennoch n\u00fctzliche Tipps zur \u00dcberwindung Ihrer \u00c4ngste!\" \/>\n<meta property=\"og:url\" content=\"https:\/\/www.haufe-akademie.de\/blog\/themen\/persoenliche-kompetenz\/bye-bye-lampenfieber-ueberwinden-sie-ihre-redeangst\/\" \/>\n<meta property=\"og:site_name\" content=\"Haufe Akademie\" \/>\n<meta property=\"article:publisher\" content=\"https:\/\/www.facebook.com\/HaufeAkademie\" \/>\n<meta property=\"article:published_time\" content=\"2019-09-15T06:00:10+00:00\" \/>\n<meta property=\"article:modified_time\" content=\"2021-08-31T20:53:52+00:00\" \/>\n<meta property=\"og:image\" content=\"https:\/\/www.haufe-akademie.de\/blog\/wp-content\/uploads\/2019\/09\/Bye-bye-Lampenfieber-berwinden-Sie-Ihre-Redeangst.jpg\" \/>\n\t<meta property=\"og:image:width\" content=\"798\" \/>\n\t<meta property=\"og:image:height\" content=\"380\" \/>\n\t<meta property=\"og:image:type\" content=\"image\/jpeg\" \/>\n<meta name=\"author\" content=\"Frank Schlicht\" \/>\n<meta name=\"twitter:card\" content=\"summary_large_image\" \/>\n<meta name=\"twitter:creator\" content=\"@HaufeAkademie\" \/>\n<meta name=\"twitter:site\" content=\"@HaufeAkademie\" \/>\n<meta name=\"twitter:label1\" content=\"Verfasst von\" \/>\n\t<meta name=\"twitter:data1\" content=\"Frank Schlicht\" \/>\n\t<meta name=\"twitter:label2\" content=\"Gesch\u00e4tzte Lesezeit\" \/>\n\t<meta name=\"twitter:data2\" content=\" Minuten\" \/>\n<!-- \/ Yoast SEO plugin. -->","yoast_head_json":{"title":"Bye-bye Lampenfieber: \u00dcberwinden Sie Ihre Redeangst!","description":"Leider gibt es kein Patentrezept gegen Lampenfieber, Rede- oder Pr\u00fcfungsangst. - Wir geben Ihnen dennoch n\u00fctzliche Tipps zur \u00dcberwindung Ihrer \u00c4ngste!","robots":{"index":"index","follow":"follow","max-snippet":"max-snippet:-1","max-image-preview":"max-image-preview:large","max-video-preview":"max-video-preview:-1"},"canonical":"https:\/\/www.haufe-akademie.de\/blog\/themen\/persoenliche-kompetenz\/bye-bye-lampenfieber-ueberwinden-sie-ihre-redeangst\/","og_locale":"de_DE","og_type":"article","og_title":"Bye-bye Lampenfieber: \u00dcberwinden Sie Ihre Redeangst!","og_description":"Leider gibt es kein Patentrezept gegen Lampenfieber, Rede- oder Pr\u00fcfungsangst. - Wir geben Ihnen dennoch n\u00fctzliche Tipps zur \u00dcberwindung Ihrer \u00c4ngste!","og_url":"https:\/\/www.haufe-akademie.de\/blog\/themen\/persoenliche-kompetenz\/bye-bye-lampenfieber-ueberwinden-sie-ihre-redeangst\/","og_site_name":"Haufe Akademie","article_publisher":"https:\/\/www.facebook.com\/HaufeAkademie","article_published_time":"2019-09-15T06:00:10+00:00","article_modified_time":"2021-08-31T20:53:52+00:00","og_image":[{"width":798,"height":380,"url":"https:\/\/www.haufe-akademie.de\/blog\/wp-content\/uploads\/2019\/09\/Bye-bye-Lampenfieber-berwinden-Sie-Ihre-Redeangst.jpg","type":"image\/jpeg"}],"author":"Frank Schlicht","twitter_card":"summary_large_image","twitter_creator":"@HaufeAkademie","twitter_site":"@HaufeAkademie","twitter_misc":{"Verfasst von":"Frank Schlicht","Gesch\u00e4tzte Lesezeit":" Minuten"},"schema":{"@context":"https:\/\/schema.org","@graph":[{"@type":"Article","@id":"https:\/\/www.haufe-akademie.de\/blog\/themen\/persoenliche-kompetenz\/bye-bye-lampenfieber-ueberwinden-sie-ihre-redeangst\/#article","isPartOf":{"@id":"https:\/\/www.haufe-akademie.de\/blog\/themen\/persoenliche-kompetenz\/bye-bye-lampenfieber-ueberwinden-sie-ihre-redeangst\/"},"author":{"name":"Luise Janasik","@id":"https:\/\/www.haufe-akademie.de\/blog\/#\/schema\/person\/ce6ee5d738fec22ba284db4e990fd542"},"headline":"Bye-bye Lampenfieber: \u00dcberwinden Sie Ihre Redeangst!","datePublished":"2019-09-15T06:00:10+00:00","dateModified":"2021-08-31T20:53:52+00:00","mainEntityOfPage":{"@id":"https:\/\/www.haufe-akademie.de\/blog\/themen\/persoenliche-kompetenz\/bye-bye-lampenfieber-ueberwinden-sie-ihre-redeangst\/"},"wordCount":817,"publisher":{"@id":"https:\/\/www.haufe-akademie.de\/blog\/#organization"},"image":{"@id":"https:\/\/www.haufe-akademie.de\/blog\/themen\/persoenliche-kompetenz\/bye-bye-lampenfieber-ueberwinden-sie-ihre-redeangst\/#primaryimage"},"thumbnailUrl":"https:\/\/www.haufe-akademie.de\/blog\/wp-content\/uploads\/2019\/09\/Bye-bye-Lampenfieber-berwinden-Sie-Ihre-Redeangst.jpg","keywords":["Angst","Konzentration","Lampenfieber","Leistungs- und Pr\u00fcfungsangst","Leistungsangst","Muskelanspannung","Nervosit\u00e4t","Redehemmung","Reden halten"],"articleSection":["Pers\u00f6nliche und Soziale Kompetenzen"],"inLanguage":"de-DE"},{"@type":"WebPage","@id":"https:\/\/www.haufe-akademie.de\/blog\/themen\/persoenliche-kompetenz\/bye-bye-lampenfieber-ueberwinden-sie-ihre-redeangst\/","url":"https:\/\/www.haufe-akademie.de\/blog\/themen\/persoenliche-kompetenz\/bye-bye-lampenfieber-ueberwinden-sie-ihre-redeangst\/","name":"Bye-bye Lampenfieber: \u00dcberwinden Sie Ihre Redeangst!","isPartOf":{"@id":"https:\/\/www.haufe-akademie.de\/blog\/#website"},"primaryImageOfPage":{"@id":"https:\/\/www.haufe-akademie.de\/blog\/themen\/persoenliche-kompetenz\/bye-bye-lampenfieber-ueberwinden-sie-ihre-redeangst\/#primaryimage"},"image":{"@id":"https:\/\/www.haufe-akademie.de\/blog\/themen\/persoenliche-kompetenz\/bye-bye-lampenfieber-ueberwinden-sie-ihre-redeangst\/#primaryimage"},"thumbnailUrl":"https:\/\/www.haufe-akademie.de\/blog\/wp-content\/uploads\/2019\/09\/Bye-bye-Lampenfieber-berwinden-Sie-Ihre-Redeangst.jpg","datePublished":"2019-09-15T06:00:10+00:00","dateModified":"2021-08-31T20:53:52+00:00","description":"Leider gibt es kein Patentrezept gegen Lampenfieber, Rede- oder Pr\u00fcfungsangst. - Wir geben Ihnen dennoch n\u00fctzliche Tipps zur \u00dcberwindung Ihrer \u00c4ngste!","breadcrumb":{"@id":"https:\/\/www.haufe-akademie.de\/blog\/themen\/persoenliche-kompetenz\/bye-bye-lampenfieber-ueberwinden-sie-ihre-redeangst\/#breadcrumb"},"inLanguage":"de-DE","potentialAction":[{"@type":"ReadAction","target":["https:\/\/www.haufe-akademie.de\/blog\/themen\/persoenliche-kompetenz\/bye-bye-lampenfieber-ueberwinden-sie-ihre-redeangst\/"]}]},{"@type":"ImageObject","inLanguage":"de-DE","@id":"https:\/\/www.haufe-akademie.de\/blog\/themen\/persoenliche-kompetenz\/bye-bye-lampenfieber-ueberwinden-sie-ihre-redeangst\/#primaryimage","url":"https:\/\/www.haufe-akademie.de\/blog\/wp-content\/uploads\/2019\/09\/Bye-bye-Lampenfieber-berwinden-Sie-Ihre-Redeangst.jpg","contentUrl":"https:\/\/www.haufe-akademie.de\/blog\/wp-content\/uploads\/2019\/09\/Bye-bye-Lampenfieber-berwinden-Sie-Ihre-Redeangst.jpg","width":798,"height":380},{"@type":"BreadcrumbList","@id":"https:\/\/www.haufe-akademie.de\/blog\/themen\/persoenliche-kompetenz\/bye-bye-lampenfieber-ueberwinden-sie-ihre-redeangst\/#breadcrumb","itemListElement":[{"@type":"ListItem","position":1,"name":"Home","item":"https:\/\/www.haufe-akademie.de\/blog\/"},{"@type":"ListItem","position":2,"name":"Alle Beitr\u00e4ge","item":"https:\/\/www.haufe-akademie.de\/blog\/themen\/"},{"@type":"ListItem","position":3,"name":"Pers\u00f6nliche und Soziale Kompetenzen","item":"https:\/\/www.haufe-akademie.de\/blog\/themen\/persoenliche-kompetenz\/"},{"@type":"ListItem","position":4,"name":"Bye-bye Lampenfieber: \u00dcberwinden Sie Ihre Redeangst!"}]},{"@type":"WebSite","@id":"https:\/\/www.haufe-akademie.de\/blog\/#website","url":"https:\/\/www.haufe-akademie.de\/blog\/","name":"Haufe Akademie","description":"","publisher":{"@id":"https:\/\/www.haufe-akademie.de\/blog\/#organization"},"potentialAction":[{"@type":"SearchAction","target":{"@type":"EntryPoint","urlTemplate":"https:\/\/www.haufe-akademie.de\/blog\/?s={search_term_string}"},"query-input":{"@type":"PropertyValueSpecification","valueRequired":true,"valueName":"search_term_string"}}],"inLanguage":"de-DE"},{"@type":"Organization","@id":"https:\/\/www.haufe-akademie.de\/blog\/#organization","name":"Haufe Akademie","url":"https:\/\/www.haufe-akademie.de\/blog\/","logo":{"@type":"ImageObject","inLanguage":"de-DE","@id":"https:\/\/www.haufe-akademie.de\/blog\/#\/schema\/logo\/image\/","url":"https:\/\/www.haufe-akademie.de\/blog\/wp-content\/uploads\/2024\/06\/favicon_haufe.png","contentUrl":"https:\/\/www.haufe-akademie.de\/blog\/wp-content\/uploads\/2024\/06\/favicon_haufe.png","width":144,"height":144,"caption":"Haufe Akademie"},"image":{"@id":"https:\/\/www.haufe-akademie.de\/blog\/#\/schema\/logo\/image\/"},"sameAs":["https:\/\/www.facebook.com\/HaufeAkademie","https:\/\/x.com\/HaufeAkademie"]},{"@type":"Person","@id":"https:\/\/www.haufe-akademie.de\/blog\/#\/schema\/person\/ce6ee5d738fec22ba284db4e990fd542","name":"Luise Janasik","image":{"@type":"ImageObject","inLanguage":"de-DE","@id":"https:\/\/secure.gravatar.com\/avatar\/85cc8502139ae291371b0bbc8bd29557d2a0c5d433b1aef60021df5954a1f169?s=96&d=blank&r=g","url":"https:\/\/secure.gravatar.com\/avatar\/85cc8502139ae291371b0bbc8bd29557d2a0c5d433b1aef60021df5954a1f169?s=96&d=blank&r=g","contentUrl":"https:\/\/secure.gravatar.com\/avatar\/85cc8502139ae291371b0bbc8bd29557d2a0c5d433b1aef60021df5954a1f169?s=96&d=blank&r=g","caption":"Luise Janasik"},"url":"https:\/\/www.haufe-akademie.de\/blog\/author\/luise-janasik\/"}]}},"modified_by":"Angelika Joubert","jetpack_featured_media_url":"https:\/\/www.haufe-akademie.de\/blog\/wp-content\/uploads\/2019\/09\/Bye-bye-Lampenfieber-berwinden-Sie-Ihre-Redeangst.jpg","jetpack_sharing_enabled":true,"amp_enabled":true,"_links":{"self":[{"href":"https:\/\/www.haufe-akademie.de\/blog\/wp-json\/wp\/v2\/posts\/10213","targetHints":{"allow":["GET"]}}],"collection":[{"href":"https:\/\/www.haufe-akademie.de\/blog\/wp-json\/wp\/v2\/posts"}],"about":[{"href":"https:\/\/www.haufe-akademie.de\/blog\/wp-json\/wp\/v2\/types\/post"}],"author":[{"embeddable":true,"href":"https:\/\/www.haufe-akademie.de\/blog\/wp-json\/wp\/v2\/users\/141"}],"replies":[{"embeddable":true,"href":"https:\/\/www.haufe-akademie.de\/blog\/wp-json\/wp\/v2\/comments?post=10213"}],"version-history":[{"count":6,"href":"https:\/\/www.haufe-akademie.de\/blog\/wp-json\/wp\/v2\/posts\/10213\/revisions"}],"predecessor-version":[{"id":19791,"href":"https:\/\/www.haufe-akademie.de\/blog\/wp-json\/wp\/v2\/posts\/10213\/revisions\/19791"}],"acf:post":[{"embeddable":true,"href":"https:\/\/www.haufe-akademie.de\/blog\/wp-json\/wp\/v2\/autoren\/10167"}],"wp:featuredmedia":[{"embeddable":true,"href":"https:\/\/www.haufe-akademie.de\/blog\/wp-json\/wp\/v2\/media\/15681"}],"wp:attachment":[{"href":"https:\/\/www.haufe-akademie.de\/blog\/wp-json\/wp\/v2\/media?parent=10213"}],"wp:term":[{"taxonomy":"category","embeddable":true,"href":"https:\/\/www.haufe-akademie.de\/blog\/wp-json\/wp\/v2\/categories?post=10213"},{"taxonomy":"post_tag","embeddable":true,"href":"https:\/\/www.haufe-akademie.de\/blog\/wp-json\/wp\/v2\/tags?post=10213"}],"curies":[{"name":"wp","href":"https:\/\/api.w.org\/{rel}","templated":true}]}}