{"id":106,"date":"2018-12-22T12:06:08","date_gmt":"2018-12-22T11:06:08","guid":{"rendered":"http:\/\/haufe-akademie.de\/blog\/?p=106"},"modified":"2021-09-19T12:03:21","modified_gmt":"2021-09-19T10:03:21","slug":"fuehren-ohne-vorgesetztenfunktion-so-gelingt-der-start-in-der-neuen-rolle-als-fuehrungskraft","status":"publish","type":"post","link":"https:\/\/www.haufe-akademie.de\/blog\/themen\/fuehrung-und-leadership\/fuehren-ohne-vorgesetztenfunktion-so-gelingt-der-start-in-der-neuen-rolle-als-fuehrungskraft\/","title":{"rendered":"Fachliche F\u00fchrung: Ihr Start in die erste F\u00fchrungsposition"},"content":{"rendered":"<h2>Immer mehr Mitarbeitende f\u00fchren, ohne die Position eines:einer Linienvorgesetzten inne zu haben<\/h2>\n<p>Das F\u00fchren ohne Vorgesetztenfunktion ist f\u00fcr viele Projektmanager:innen, Stabstellenleiter:innen oder auch externen Mitarbeitenden zur t\u00e4glichen Aufgabe geworden.<\/p>\n<p>Allerdings werden Positionen als fachliche F\u00fchrungskraft h\u00e4ufig im Zeitdruck des operativen Gesch\u00e4fts \u00fcbergeben und bergen in Ihrer Uneindeutigkeit eine Menge Konfliktpotenzial in sich. Kathrein Lammert und Christian Seiter zeigen Ihnen, wie Sie Ihr Team von Anfang an \u2013 auch ohne formale Disziplinarbefugnis \u2013 zu erfolgreichen Ergebnissen f\u00fchren.<\/p>\n<h2>Wo liegen die Unterschiede zur F\u00fchrungsfunktion mit Disziplinarbefugnis?<\/h2>\n<p>F\u00fchrung von Mitarbeitenden ohne Disziplinarbefugnis unterscheidet sich nur hinsichtlich der arbeitsrechtlichen Belange von einer F\u00fchrungsaufgabe mit disziplinarischer F\u00fchrungsfunktion.<\/p>\n<div class=\"seminartipp\">\r\n\t\r\n\t<div class=\"content-wrapper\">\r\n\t\t\r\n\t\t\t<div class=\"image\">\r\n\t\t\t\t<img loading=\"lazy\" decoding=\"async\" width=\"153\" height=\"143\" src=\"https:\/\/www.haufe-akademie.de\/blog\/wp-content\/uploads\/2020\/11\/Coaching_Fuehrungskraefte_620x580.jpg\" class=\"attachment-pod size-pod\" alt=\"\" srcset=\"https:\/\/www.haufe-akademie.de\/blog\/wp-content\/uploads\/2020\/11\/Coaching_Fuehrungskraefte_620x580.jpg 620w, https:\/\/www.haufe-akademie.de\/blog\/wp-content\/uploads\/2020\/11\/Coaching_Fuehrungskraefte_620x580-150x140@2x.jpg 300w, https:\/\/www.haufe-akademie.de\/blog\/wp-content\/uploads\/2020\/11\/Coaching_Fuehrungskraefte_620x580-150x140.jpg 150w, https:\/\/www.haufe-akademie.de\/blog\/wp-content\/uploads\/2020\/11\/Coaching_Fuehrungskraefte_620x580-300x281@2x.jpg 600w\" sizes=\"auto, (max-width: 153px) 100vw, 153px\" \/>\r\n\t\t\t<\/div>\r\n\t\t\r\n\t\t<div class=\"content\">\r\n\t\t\t<h2>Unsere Empfehlung<\/h2>\r\n\t\t\t<p class=\"h3\">Coaching f\u00fcr F\u00fchrungskr\u00e4fte<\/p>\r\n\t\t\t<p>Du willst gezielt Entwicklungsfelder finden, mit professioneller Begleitung auf Augenh\u00f6he? Dann ist ein F\u00fchrungskr\u00e4fte Coaching genau der richtige Weg. Die Haufe Akademie vermittelt dir erfahrene, top ausgebildete Coaches und Coachinnen mit unterschiedlichen Schwerpunkten \u2013 genau auf deine Bed\u00fcrfnisse abgestimmt. <\/p>\n<br\/>\r\n\t\t\t<a class=\"btn\" href=\"https:\/\/www.haufe-akademie.de\/coaching\/fuhrungskraftecoaching\" onclick=\"target_econda_article()\" data-track-style=\"clickbtn\" data-track-type=\"link\" data-track-action=\"recoprimary\" target=\"_blank\">Jetzt informieren<\/a>\r\n\t\t<\/div>\r\n\t<\/div>\r\n\t<div class=\"clear\"><\/div>\r\n\t\r\n<\/div><h2>Fachliche F\u00fchrungsaufgaben und Kompetenzen<\/h2>\n<h3>1. Fachliche Kompetenz einer F\u00fchrungskraft<\/h3>\n<p>F\u00fchrungskr\u00e4fte ben\u00f6tigen die F\u00e4higkeit, den \u00dcberblick \u00fcber Projekte und Aufgaben zu behalten. Dies beinhaltet nicht nur die Sammlung und Weitergabe relevanter Informationen, sondern auch die klare Verteilung von Aufgaben an die passenden Teammitglieder. Durch diese Kompetenzen sorgen sie f\u00fcr Struktur und Effizienz im Arbeitsalltag.<\/p>\n<h3>2. Soziale Kompetenzen einer F\u00fchrungskraft<\/h3>\n<p>Der Erfolg einer F\u00fchrungskraft h\u00e4ngt zudem stark von ihren sozialen F\u00e4higkeiten ab. Dazu geh\u00f6rt die Kunst des Delegierens, bei der Aufgaben so verteilt werden, dass sowohl die individuellen St\u00e4rken der Teammitglieder genutzt als auch \u00dcberlastungen vermieden werden. Ebenso wichtig ist die F\u00e4higkeit, Motivation zu f\u00f6rdern, indem Lob und konstruktive Kritik im richtigen Moment eingesetzt werden. R\u00fcckendeckung f\u00fcr das Team zu geben, Gleichbehandlung sicherzustellen und Konflikte souver\u00e4n zu managen sind weitere Schl\u00fcsselkompetenzen, die zu einem positiven und produktiven Arbeitsklima beitragen.<\/p>\n<h3>3. Management von Schnittstellen und Ansprechpartner:innen<\/h3>\n<p>Eine weitere Kernaufgabe ist das Management von Schnittstellen. F\u00fchrungskr\u00e4fte koordinieren die Kommunikation zwischen verschiedenen Abteilungen und externen Ansprechpartner:innen. Dabei stellen sie sicher, dass Informationen reibungslos flie\u00dfen und Abstimmungen effizient verlaufen.<\/p>\n<h3>4. Prozessabl\u00e4ufe koordinieren<\/h3>\n<p>F\u00fchrung bedeutet auch, Prozesse zu planen und zu steuern. Dies umfasst die Organisation von Arbeitsabl\u00e4ufen, die \u00dcberwachung des Fortschritts und das Eingreifen bei St\u00f6rungen, um die gesetzten Ziele termingerecht zu erreichen. Mit einer klaren Prozesskoordination schaffen sie die Grundlage f\u00fcr reibungslose Abl\u00e4ufe und erfolgreiche Ergebnisse.<\/p>\n<p><em>Achtung Trennung von disziplinarischer und fachlicher F\u00fchrung<\/em>: Aufgaben wie Einstellung, K\u00fcndigung, Abmahnung, Gehaltsfragen, arbeitsrechtliche Ma\u00dfnahmen und vertragliche Vereinbarungen werden von disziplinarischen Vorgesetzten geregelt.<\/p>\n<p><strong>Kl\u00e4ren Sie Ihre bevorstehende Aufgabe als fachliche F\u00fchrungskraft in der Mitarbeitendenf\u00fchrung!<\/strong><\/p>\n<p>St\u00fcrzen Sie sich nicht sofort ins operative Tagesgesch\u00e4ft, sondern nehmen Sie sich am Anfang die Zeit, um Ihren neuen Job intensiv f\u00fcr sich selbst zu kl\u00e4ren: Wie sieht Ihre bevorstehende F\u00fchrungsaufgabe konkret aus. Kl\u00e4ren Sie offene Fragen:<\/p>\n<ul>\n<li>Sind Sie sich im Klaren dar\u00fcber, was auf Sie zukommt? Was genau wird in dieser neuen Funktion von Ihnen erwartet? Was sind Ihre konkreten Aufgaben in der fachlichen F\u00fchrung von Mitarbeitenden?<\/li>\n<li>Verf\u00fcgen Sie \u00fcber die notwendigen fachlichen und nichtfachlichen Kompetenzen? Welche Kompetenzen fehlen und wie k\u00f6nnen Sie m\u00f6gliche L\u00fccken f\u00fcllen?<\/li>\n<li>Haben Sie Ihre Kompetenzen und Verantwortlichkeiten gegen\u00fcber Ihren Vorgesetzten und\/oder den Geldgeber:innen Ihrer Projekte gekl\u00e4rt?<\/li>\n<li>Wer ist f\u00fcr die arbeitsrechtlichen Belange Ihrer Mitarbeitenden zust\u00e4ndig?<\/li>\n<li>Mit welcher Unterst\u00fctzung Ihrer Vorgesetzten k\u00f6nnen Sie rechnen?<\/li>\n<li>Sind die Ressourcen Zeit, Personal, Budget und Hardware sichergestellt?<\/li>\n<li>Welche Kompetenzen, Rechte und Pflichten haben Sie gegen\u00fcber Ihren Mitarbeitenden?<\/li>\n<li>Sind die Mitarbeitenden \u00fcber Ihre neue Rolle informiert?<\/li>\n<li>Welche Kommunikationswege und Abstimmungsprozesse m\u00fcssen Sie mit allen Vorgesetzten und Mitarbeitenden kl\u00e4ren?<\/li>\n<\/ul>\n<div class=\"seminartipp\">\r\n\t\r\n\t<div class=\"content-wrapper\">\r\n\t\t\r\n\t\t\t<div class=\"image\">\r\n\t\t\t\t<img loading=\"lazy\" decoding=\"async\" width=\"153\" height=\"143\" src=\"https:\/\/www.haufe-akademie.de\/blog\/wp-content\/uploads\/2025\/08\/seminartipp-vorgesetzte-mann-frau.png\" class=\"attachment-pod size-pod\" alt=\"\" srcset=\"https:\/\/www.haufe-akademie.de\/blog\/wp-content\/uploads\/2025\/08\/seminartipp-vorgesetzte-mann-frau.png 620w, https:\/\/www.haufe-akademie.de\/blog\/wp-content\/uploads\/2025\/08\/seminartipp-vorgesetzte-mann-frau-150x141@2x.png 300w, https:\/\/www.haufe-akademie.de\/blog\/wp-content\/uploads\/2025\/08\/seminartipp-vorgesetzte-mann-frau-150x141.png 150w, https:\/\/www.haufe-akademie.de\/blog\/wp-content\/uploads\/2025\/08\/seminartipp-vorgesetzte-mann-frau-300x281@2x.png 600w\" sizes=\"auto, (max-width: 153px) 100vw, 153px\" \/>\r\n\t\t\t<\/div>\r\n\t\t\r\n\t\t<div class=\"content\">\r\n\t\t\t<h2>Unsere Empfehlung<\/h2>\r\n\t\t\t<p class=\"h3\">Training: F\u00fchren ohne Vorgesetztenfunktion I<\/p>\r\n\t\t\t<p>F\u00fchrung ohne disziplinarische Macht erfordert Klarheit, Selbstvertrauen und Kommunikation auf Augenh\u00f6he. In diesem Seminar erh\u00e4ltst du praxisnahe Strategien, um deine Rolle zu festigen, nat\u00fcrliche Autorit\u00e4t zu entwickeln und dein Team gezielt zu motivieren. Du lernst, Konflikte konstruktiv zu l\u00f6sen und die Zusammenarbeit nachhaltig zu st\u00e4rken.<\/p>\n<br\/>\r\n\t\t\t<a class=\"btn\" href=\"https:\/\/www.haufe-akademie.de\/9087\" onclick=\"target_econda_article()\" data-track-style=\"clickbtn\" data-track-type=\"link\" data-track-action=\"recoprimary\" target=\"_blank\">Training: F\u00fchren ohne Vorgesetztenfunktion I<\/a>\r\n\t\t<\/div>\r\n\t<\/div>\r\n\t<div class=\"clear\"><\/div>\r\n\t\r\n<\/div><h2>Was ist fachliche F\u00fchrungsverantwortung? Die neue Rolle \u00fcbernehmen \u2013 so gelingt der Start als F\u00fchrungskraft<strong><br \/>\n<\/strong><\/h2>\n<p>Nachdem Sie diese Grundfragen gekl\u00e4rt haben, gilt es nun, Ihre neue Position als F\u00fchrungskraft ohne disziplinarische F\u00fchrungsfunktion mit Leben zu f\u00fcllen. Damit Ihnen dies von Anfang an sicher gelingt, gehen Sie am besten schrittweise vor:<\/p>\n<p style=\"text-align: left;\"><strong>1. Offizielle Einf\u00fchrung schafft Akzeptanz<\/strong><br \/>\nEgal, ob Sie als Teamleiter:in, Projektleiter:in oder Stabstellenleiter:in Menschen f\u00fchren: Sorgen Sie daf\u00fcr, dass Ihre Mitarbeitenden, Teammitglieder oder Projektteilnehmer:innen auch von offizieller Seite \u00fcber Ihre neue Rolle als fachliche F\u00fchrungskraft und Ihre neuen Kompetenzen unterrichtet werden.<\/p>\n<p><strong>Tipp:<\/strong> <em>Warten Sie nicht zu lange, bis Ihr:e Vorgesetzte:r Ihre neue Rolle verk\u00fcndet. Gehen Sie n\u00f6tigenfalls aktiv auf Ihn zu und bitten Sie darum, f\u00fcr einen klaren und offiziellen Informationsstand im Team zu sorgen.<\/em><\/p>\n<p><strong>2. Ihre eigene Vorstellung im Team<\/strong><br \/>\nAchten Sie darauf, dass Sie sich in Ihrer neuen Rolle Ihren Mitarbeitenden korrekt vorstellen. Beschreiben Sie genau Ihren Auftrag und Ihre Kompetenzen. Nutzen Sie Ihre Vorstellung, um Ihr neues Team \u00fcber Kommunikationsregeln, bestimmte Umgangsformen und die mit Ihren Vorgesetzten erarbeiteten Visionen zu informieren. Informieren Sie so fr\u00fch wie m\u00f6glich \u00fcber das bevorstehende Projekt und Ihre neue Rolle, um so Spekulationen und wilde Interpretationen gar nicht erst aufkommen zu lassen.<\/p>\n<p><strong>Tipp:<\/strong> <em>Kl\u00e4ren Sie Unsicherheiten ganz am Anfang, denn letztlich fallen ungekl\u00e4rte Themen wieder auf Sie zur\u00fcck.<\/em><\/p>\n<p><strong>3. Lernen Sie Ihr Team und seine Mitglieder kennen<\/strong><br \/>\nDamit ein Team seine St\u00e4rken entfalten kann, muss es sich entwickeln. Strukturen geben Orientierung und Sicherheit und bilden so die Basis f\u00fcr eine konstruktive Zusammenarbeit. Fehlen diese Strukturen, so kann es zu Rivalit\u00e4tsk\u00e4mpfen, Zur\u00fcckhaltung von Informationen, Leistungsverweigerung oder auch Mobbing kommen.<\/p>\n<p><strong>Tipp:<\/strong> <em>K\u00fcmmern Sie sich um die Prozesse in Ihrem Team. Lernen Sie Ihre Mitarbeitenden kennen und schaffen Sie Rahmenbedingungen, die Ihr Team ben\u00f6tigt um eine vertrauensvolle, respektvolle und leistungsorientierte Kultur der Zusammenarbeit zu entwickeln.<\/em><\/p>\n<div class=\"seminartipp\">\r\n\t\r\n\t<div class=\"content-wrapper\">\r\n\t\t\r\n\t\t\t<div class=\"image\">\r\n\t\t\t\t<img loading=\"lazy\" decoding=\"async\" width=\"153\" height=\"102\" src=\"https:\/\/www.haufe-akademie.de\/blog\/wp-content\/uploads\/2017\/12\/WP_fachlich_fuehren-900x600-1.png\" class=\"attachment-pod size-pod\" alt=\"\" srcset=\"https:\/\/www.haufe-akademie.de\/blog\/wp-content\/uploads\/2017\/12\/WP_fachlich_fuehren-900x600-1.png 900w, https:\/\/www.haufe-akademie.de\/blog\/wp-content\/uploads\/2017\/12\/WP_fachlich_fuehren-900x600-1-150x100@2x.png 300w, https:\/\/www.haufe-akademie.de\/blog\/wp-content\/uploads\/2017\/12\/WP_fachlich_fuehren-900x600-1-150x100.png 150w, https:\/\/www.haufe-akademie.de\/blog\/wp-content\/uploads\/2017\/12\/WP_fachlich_fuehren-900x600-1-300x200@2x.png 600w\" sizes=\"auto, (max-width: 153px) 100vw, 153px\" \/>\r\n\t\t\t<\/div>\r\n\t\t\r\n\t\t<div class=\"content\">\r\n\t\t\t<h2>Kostenloses Whitepaper<\/h2>\r\n\t\t\t<p class=\"h3\">6 Tipps f\u00fcr deine F\u00fchrungsrolle ohne Weisungsbefugnis<\/p>\r\n\t\t\t<p>Unsere Tipps f\u00fcr fachliche F\u00fchrungskr\u00e4fte helfen dir von Anfang an, dich und dein Team \u2013 auch ohne formale Disziplinarbefugnis \u2013 zu erfolgreichen Ergebnissen zu f\u00fchren.<\/p>\n<br\/>\r\n\t\t\t<a class=\"btn\" href=\"https:\/\/www.haufe-akademie.de\/ressourcen\/fuehrung-leadership\/wp-fachlich-fuehren\" onclick=\"target_econda_article()\" data-track-style=\"clickbtn\" data-track-type=\"link\" data-track-action=\"recoprimary\" target=\"_blank\">Kostenloses Whitepaper \"Fachlich f\u00fchren\"<\/a>\r\n\t\t<\/div>\r\n\t<\/div>\r\n\t<div class=\"clear\"><\/div>\r\n\t\r\n<\/div>","protected":false},"excerpt":{"rendered":"<p>Immer mehr Mitarbeitende f\u00fchren, ohne die Position eines:einer Linienvorgesetzten inne zu haben Das F\u00fchren ohne Vorgesetztenfunktion ist f\u00fcr viele Projektmanager:innen, Stabstellenleiter:innen oder auch externen Mitarbeitenden zur t\u00e4glichen Aufgabe geworden. Allerdings werden Positionen als fachliche F\u00fchrungskraft h\u00e4ufig im Zeitdruck des operativen Gesch\u00e4fts \u00fcbergeben und bergen in Ihrer Uneindeutigkeit eine Menge Konfliktpotenzial in sich. Kathrein Lammert und<\/p>\n<div class=\"pageReadMore\"><i class=\"fa fa-angle-right\"><\/i><a href=\"https:\/\/www.haufe-akademie.de\/blog\/themen\/fuehrung-und-leadership\/fuehren-ohne-vorgesetztenfunktion-so-gelingt-der-start-in-der-neuen-rolle-als-fuehrungskraft\/\" title=\"Beitrag lesen\">Beitrag lesen<\/a><\/div>\n","protected":false},"author":3,"featured_media":16259,"comment_status":"closed","ping_status":"closed","sticky":false,"template":"","format":"standard","meta":{"_acf_changed":false,"_lmt_disableupdate":"yes","_lmt_disable":"no","_jetpack_memberships_contains_paid_content":false,"footnotes":""},"categories":[56,59,79],"tags":[1695,125,55,217],"class_list":{"0":"post-106","1":"post","2":"type-post","3":"status-publish","4":"format-standard","5":"has-post-thumbnail","7":"category-fuehrung-und-leadership","8":"category-personalmanagement","9":"category-persoenliche-kompetenz","10":"tag-fuehren-ohne-vorgesetztenfunktion","11":"tag-fuehrungskompetenz","12":"tag-fuehrungskraft","13":"tag-fuehrungsstaerke"},"acf":{"p_authors":[3786,10039]},"yoast_head":"<!-- This site is optimized with the Yoast SEO plugin v27.4 - https:\/\/yoast.com\/product\/yoast-seo-wordpress\/ -->\n<title>Fachliche F\u00fchrung: Ihr Start in die erste F\u00fchrungsposition<\/title>\n<meta name=\"description\" content=\"Fachliche F\u00fchrung: Wie Sie ihr Team von Anfang an zu erfolgreichen Ergebnissen f\u00fchren, erfahren Sie im Blogbeitrag. Hierzu bieten wir passende Trainings.\u2713\" \/>\n<meta name=\"robots\" content=\"index, follow, max-snippet:-1, max-image-preview:large, max-video-preview:-1\" \/>\n<link rel=\"canonical\" href=\"https:\/\/www.haufe-akademie.de\/blog\/themen\/fuehrung-und-leadership\/fuehren-ohne-vorgesetztenfunktion-so-gelingt-der-start-in-der-neuen-rolle-als-fuehrungskraft\/\" \/>\n<meta property=\"og:locale\" content=\"de_DE\" \/>\n<meta property=\"og:type\" content=\"article\" \/>\n<meta property=\"og:title\" content=\"Fachliche F\u00fchrung: Ihr Start in die erste F\u00fchrungsposition\" \/>\n<meta property=\"og:description\" content=\"Fachliche F\u00fchrung: Wie Sie ihr Team von Anfang an zu erfolgreichen Ergebnissen f\u00fchren, erfahren Sie im Blogbeitrag. Hierzu bieten wir passende Trainings.\u2713\" \/>\n<meta property=\"og:url\" content=\"https:\/\/www.haufe-akademie.de\/blog\/themen\/fuehrung-und-leadership\/fuehren-ohne-vorgesetztenfunktion-so-gelingt-der-start-in-der-neuen-rolle-als-fuehrungskraft\/\" \/>\n<meta property=\"og:site_name\" content=\"Haufe Akademie\" \/>\n<meta property=\"article:publisher\" content=\"https:\/\/www.facebook.com\/HaufeAkademie\" \/>\n<meta property=\"article:published_time\" content=\"2018-12-22T11:06:08+00:00\" \/>\n<meta property=\"article:modified_time\" content=\"2021-09-19T10:03:21+00:00\" \/>\n<meta property=\"og:image\" content=\"https:\/\/www.haufe-akademie.de\/blog\/wp-content\/uploads\/2018\/12\/fachliche-fuehrung-ihr-start-in-die-erste-fuehrungsposition.jpg\" \/>\n\t<meta property=\"og:image:width\" content=\"800\" \/>\n\t<meta property=\"og:image:height\" content=\"384\" \/>\n\t<meta property=\"og:image:type\" content=\"image\/jpeg\" \/>\n<meta name=\"author\" content=\"Kathrein Lammert,Christian Seiter\" \/>\n<meta name=\"twitter:card\" content=\"summary_large_image\" \/>\n<meta name=\"twitter:creator\" content=\"@HaufeAkademie\" \/>\n<meta name=\"twitter:site\" content=\"@HaufeAkademie\" \/>\n<meta name=\"twitter:label1\" content=\"Verfasst von\" \/>\n\t<meta name=\"twitter:data1\" content=\"Kathrein Lammert,Christian Seiter\" \/>\n\t<meta name=\"twitter:label2\" content=\"Gesch\u00e4tzte Lesezeit\" \/>\n\t<meta name=\"twitter:data2\" content=\" Minuten\" \/>\n<!-- \/ Yoast SEO plugin. -->","yoast_head_json":{"title":"Fachliche F\u00fchrung: Ihr Start in die erste F\u00fchrungsposition","description":"Fachliche F\u00fchrung: Wie Sie ihr Team von Anfang an zu erfolgreichen Ergebnissen f\u00fchren, erfahren Sie im Blogbeitrag. Hierzu bieten wir passende Trainings.\u2713","robots":{"index":"index","follow":"follow","max-snippet":"max-snippet:-1","max-image-preview":"max-image-preview:large","max-video-preview":"max-video-preview:-1"},"canonical":"https:\/\/www.haufe-akademie.de\/blog\/themen\/fuehrung-und-leadership\/fuehren-ohne-vorgesetztenfunktion-so-gelingt-der-start-in-der-neuen-rolle-als-fuehrungskraft\/","og_locale":"de_DE","og_type":"article","og_title":"Fachliche F\u00fchrung: Ihr Start in die erste F\u00fchrungsposition","og_description":"Fachliche F\u00fchrung: Wie Sie ihr Team von Anfang an zu erfolgreichen Ergebnissen f\u00fchren, erfahren Sie im Blogbeitrag. Hierzu bieten wir passende Trainings.\u2713","og_url":"https:\/\/www.haufe-akademie.de\/blog\/themen\/fuehrung-und-leadership\/fuehren-ohne-vorgesetztenfunktion-so-gelingt-der-start-in-der-neuen-rolle-als-fuehrungskraft\/","og_site_name":"Haufe Akademie","article_publisher":"https:\/\/www.facebook.com\/HaufeAkademie","article_published_time":"2018-12-22T11:06:08+00:00","article_modified_time":"2021-09-19T10:03:21+00:00","og_image":[{"width":800,"height":384,"url":"https:\/\/www.haufe-akademie.de\/blog\/wp-content\/uploads\/2018\/12\/fachliche-fuehrung-ihr-start-in-die-erste-fuehrungsposition.jpg","type":"image\/jpeg"}],"author":"Kathrein Lammert,Christian Seiter","twitter_card":"summary_large_image","twitter_creator":"@HaufeAkademie","twitter_site":"@HaufeAkademie","twitter_misc":{"Verfasst von":"Kathrein Lammert,Christian Seiter","Gesch\u00e4tzte Lesezeit":" Minuten"},"schema":{"@context":"https:\/\/schema.org","@graph":[{"@type":"Article","@id":"https:\/\/www.haufe-akademie.de\/blog\/themen\/fuehrung-und-leadership\/fuehren-ohne-vorgesetztenfunktion-so-gelingt-der-start-in-der-neuen-rolle-als-fuehrungskraft\/#article","isPartOf":{"@id":"https:\/\/www.haufe-akademie.de\/blog\/themen\/fuehrung-und-leadership\/fuehren-ohne-vorgesetztenfunktion-so-gelingt-der-start-in-der-neuen-rolle-als-fuehrungskraft\/"},"author":{"name":"Blog Team","@id":"https:\/\/www.haufe-akademie.de\/blog\/#\/schema\/person\/88b50e9cc362db610ee4255c2b282434"},"headline":"Fachliche F\u00fchrung: Ihr Start in die erste F\u00fchrungsposition","datePublished":"2018-12-22T11:06:08+00:00","dateModified":"2021-09-19T10:03:21+00:00","mainEntityOfPage":{"@id":"https:\/\/www.haufe-akademie.de\/blog\/themen\/fuehrung-und-leadership\/fuehren-ohne-vorgesetztenfunktion-so-gelingt-der-start-in-der-neuen-rolle-als-fuehrungskraft\/"},"wordCount":939,"publisher":{"@id":"https:\/\/www.haufe-akademie.de\/blog\/#organization"},"image":{"@id":"https:\/\/www.haufe-akademie.de\/blog\/themen\/fuehrung-und-leadership\/fuehren-ohne-vorgesetztenfunktion-so-gelingt-der-start-in-der-neuen-rolle-als-fuehrungskraft\/#primaryimage"},"thumbnailUrl":"https:\/\/www.haufe-akademie.de\/blog\/wp-content\/uploads\/2018\/12\/fachliche-fuehrung-ihr-start-in-die-erste-fuehrungsposition.jpg","keywords":["F\u00fchren ohne Vorgesetztenfunktion","f\u00fchrungskompetenz","F\u00fchrungskraft","F\u00fchrungsst\u00e4rke"],"articleSection":["F\u00fchrung und Leadership","Personalmanagement","Pers\u00f6nliche und Soziale Kompetenzen"],"inLanguage":"de-DE"},{"@type":"WebPage","@id":"https:\/\/www.haufe-akademie.de\/blog\/themen\/fuehrung-und-leadership\/fuehren-ohne-vorgesetztenfunktion-so-gelingt-der-start-in-der-neuen-rolle-als-fuehrungskraft\/","url":"https:\/\/www.haufe-akademie.de\/blog\/themen\/fuehrung-und-leadership\/fuehren-ohne-vorgesetztenfunktion-so-gelingt-der-start-in-der-neuen-rolle-als-fuehrungskraft\/","name":"Fachliche F\u00fchrung: Ihr Start in die erste F\u00fchrungsposition","isPartOf":{"@id":"https:\/\/www.haufe-akademie.de\/blog\/#website"},"primaryImageOfPage":{"@id":"https:\/\/www.haufe-akademie.de\/blog\/themen\/fuehrung-und-leadership\/fuehren-ohne-vorgesetztenfunktion-so-gelingt-der-start-in-der-neuen-rolle-als-fuehrungskraft\/#primaryimage"},"image":{"@id":"https:\/\/www.haufe-akademie.de\/blog\/themen\/fuehrung-und-leadership\/fuehren-ohne-vorgesetztenfunktion-so-gelingt-der-start-in-der-neuen-rolle-als-fuehrungskraft\/#primaryimage"},"thumbnailUrl":"https:\/\/www.haufe-akademie.de\/blog\/wp-content\/uploads\/2018\/12\/fachliche-fuehrung-ihr-start-in-die-erste-fuehrungsposition.jpg","datePublished":"2018-12-22T11:06:08+00:00","dateModified":"2021-09-19T10:03:21+00:00","description":"Fachliche F\u00fchrung: Wie Sie ihr Team von Anfang an zu erfolgreichen Ergebnissen f\u00fchren, erfahren Sie im Blogbeitrag. Hierzu bieten wir passende Trainings.\u2713","breadcrumb":{"@id":"https:\/\/www.haufe-akademie.de\/blog\/themen\/fuehrung-und-leadership\/fuehren-ohne-vorgesetztenfunktion-so-gelingt-der-start-in-der-neuen-rolle-als-fuehrungskraft\/#breadcrumb"},"inLanguage":"de-DE","potentialAction":[{"@type":"ReadAction","target":["https:\/\/www.haufe-akademie.de\/blog\/themen\/fuehrung-und-leadership\/fuehren-ohne-vorgesetztenfunktion-so-gelingt-der-start-in-der-neuen-rolle-als-fuehrungskraft\/"]}]},{"@type":"ImageObject","inLanguage":"de-DE","@id":"https:\/\/www.haufe-akademie.de\/blog\/themen\/fuehrung-und-leadership\/fuehren-ohne-vorgesetztenfunktion-so-gelingt-der-start-in-der-neuen-rolle-als-fuehrungskraft\/#primaryimage","url":"https:\/\/www.haufe-akademie.de\/blog\/wp-content\/uploads\/2018\/12\/fachliche-fuehrung-ihr-start-in-die-erste-fuehrungsposition.jpg","contentUrl":"https:\/\/www.haufe-akademie.de\/blog\/wp-content\/uploads\/2018\/12\/fachliche-fuehrung-ihr-start-in-die-erste-fuehrungsposition.jpg","width":800,"height":384},{"@type":"BreadcrumbList","@id":"https:\/\/www.haufe-akademie.de\/blog\/themen\/fuehrung-und-leadership\/fuehren-ohne-vorgesetztenfunktion-so-gelingt-der-start-in-der-neuen-rolle-als-fuehrungskraft\/#breadcrumb","itemListElement":[{"@type":"ListItem","position":1,"name":"Home","item":"https:\/\/www.haufe-akademie.de\/blog\/"},{"@type":"ListItem","position":2,"name":"Alle Beitr\u00e4ge","item":"https:\/\/www.haufe-akademie.de\/blog\/themen\/"},{"@type":"ListItem","position":3,"name":"F\u00fchrung und Leadership","item":"https:\/\/www.haufe-akademie.de\/blog\/themen\/fuehrung-und-leadership\/"},{"@type":"ListItem","position":4,"name":"Fachliche F\u00fchrung: Ihr Start in die erste F\u00fchrungsposition"}]},{"@type":"WebSite","@id":"https:\/\/www.haufe-akademie.de\/blog\/#website","url":"https:\/\/www.haufe-akademie.de\/blog\/","name":"Haufe Akademie","description":"","publisher":{"@id":"https:\/\/www.haufe-akademie.de\/blog\/#organization"},"potentialAction":[{"@type":"SearchAction","target":{"@type":"EntryPoint","urlTemplate":"https:\/\/www.haufe-akademie.de\/blog\/?s={search_term_string}"},"query-input":{"@type":"PropertyValueSpecification","valueRequired":true,"valueName":"search_term_string"}}],"inLanguage":"de-DE"},{"@type":"Organization","@id":"https:\/\/www.haufe-akademie.de\/blog\/#organization","name":"Haufe Akademie","url":"https:\/\/www.haufe-akademie.de\/blog\/","logo":{"@type":"ImageObject","inLanguage":"de-DE","@id":"https:\/\/www.haufe-akademie.de\/blog\/#\/schema\/logo\/image\/","url":"https:\/\/www.haufe-akademie.de\/blog\/wp-content\/uploads\/2024\/06\/favicon_haufe.png","contentUrl":"https:\/\/www.haufe-akademie.de\/blog\/wp-content\/uploads\/2024\/06\/favicon_haufe.png","width":144,"height":144,"caption":"Haufe Akademie"},"image":{"@id":"https:\/\/www.haufe-akademie.de\/blog\/#\/schema\/logo\/image\/"},"sameAs":["https:\/\/www.facebook.com\/HaufeAkademie","https:\/\/x.com\/HaufeAkademie"]},{"@type":"Person","@id":"https:\/\/www.haufe-akademie.de\/blog\/#\/schema\/person\/88b50e9cc362db610ee4255c2b282434","name":"Blog Team","image":{"@type":"ImageObject","inLanguage":"de-DE","@id":"http:\/\/haufe-akademie.de\/blog\/wp-content\/uploads\/2014\/05\/Blog-Team_avatar_1401199718.jpg","url":"http:\/\/haufe-akademie.de\/blog\/wp-content\/uploads\/2014\/05\/Blog-Team_avatar_1401199718.jpg","contentUrl":"http:\/\/haufe-akademie.de\/blog\/wp-content\/uploads\/2014\/05\/Blog-Team_avatar_1401199718.jpg","caption":"Blog Team"},"description":"Blog Team der Haufe Akademie.","url":"https:\/\/www.haufe-akademie.de\/blog\/author\/blog-team\/"}]}},"modified_by":"Blog Team","jetpack_featured_media_url":"https:\/\/www.haufe-akademie.de\/blog\/wp-content\/uploads\/2018\/12\/fachliche-fuehrung-ihr-start-in-die-erste-fuehrungsposition.jpg","jetpack_sharing_enabled":true,"amp_enabled":true,"_links":{"self":[{"href":"https:\/\/www.haufe-akademie.de\/blog\/wp-json\/wp\/v2\/posts\/106","targetHints":{"allow":["GET"]}}],"collection":[{"href":"https:\/\/www.haufe-akademie.de\/blog\/wp-json\/wp\/v2\/posts"}],"about":[{"href":"https:\/\/www.haufe-akademie.de\/blog\/wp-json\/wp\/v2\/types\/post"}],"author":[{"embeddable":true,"href":"https:\/\/www.haufe-akademie.de\/blog\/wp-json\/wp\/v2\/users\/3"}],"replies":[{"embeddable":true,"href":"https:\/\/www.haufe-akademie.de\/blog\/wp-json\/wp\/v2\/comments?post=106"}],"version-history":[{"count":7,"href":"https:\/\/www.haufe-akademie.de\/blog\/wp-json\/wp\/v2\/posts\/106\/revisions"}],"predecessor-version":[{"id":41266,"href":"https:\/\/www.haufe-akademie.de\/blog\/wp-json\/wp\/v2\/posts\/106\/revisions\/41266"}],"acf:post":[{"embeddable":true,"href":"https:\/\/www.haufe-akademie.de\/blog\/wp-json\/wp\/v2\/autoren\/10039"},{"embeddable":true,"href":"https:\/\/www.haufe-akademie.de\/blog\/wp-json\/wp\/v2\/autoren\/3786"}],"wp:featuredmedia":[{"embeddable":true,"href":"https:\/\/www.haufe-akademie.de\/blog\/wp-json\/wp\/v2\/media\/16259"}],"wp:attachment":[{"href":"https:\/\/www.haufe-akademie.de\/blog\/wp-json\/wp\/v2\/media?parent=106"}],"wp:term":[{"taxonomy":"category","embeddable":true,"href":"https:\/\/www.haufe-akademie.de\/blog\/wp-json\/wp\/v2\/categories?post=106"},{"taxonomy":"post_tag","embeddable":true,"href":"https:\/\/www.haufe-akademie.de\/blog\/wp-json\/wp\/v2\/tags?post=106"}],"curies":[{"name":"wp","href":"https:\/\/api.w.org\/{rel}","templated":true}]}}