{"id":12788,"date":"2019-03-12T12:58:18","date_gmt":"2019-03-12T11:58:18","guid":{"rendered":"https:\/\/www.haufe-akademie.de\/blog\/?p=12788"},"modified":"2021-09-08T07:50:47","modified_gmt":"2021-09-08T05:50:47","slug":"systemisches-denken-in-der-mitarbeiterfuehrung","status":"publish","type":"post","link":"https:\/\/www.haufe-akademie.de\/blog\/themen\/fuehrung-und-leadership\/systemisches-denken-in-der-mitarbeiterfuehrung\/","title":{"rendered":"Systemisches Denken in der Mitarbeitendenf\u00fchrung"},"content":{"rendered":"<p>Die Komplexit\u00e4t der Welt wird h\u00f6her. Das ist kein Geheimnis und jeder sp\u00fcrt es in seinem eigenen Umfeld. Auch die Welt der F\u00fchrung ist davon betroffen. Wie gehe ich mit der zunehmenden Komplexit\u00e4t um? Wie kann ich Herausforderungen in dieser Komplexit\u00e4t bew\u00e4ltigen? In den vergangenen Denkmodellen hat man auf logische Analyse und lineares Denken gesetzt:<br \/>\nWenn ich x mache, kommt y heraus oder a\u00b2 + b\u00b2 = c\u00b2.<\/p>\n<p>Nun stellen wir fest, dass es so nicht funktioniert. Weder in unserer Umwelt, noch an den M\u00e4rkten, noch bei uns Menschen. Gerade menschliches Verhalten ist sehr komplex und bewegt sich au\u00dferhalb der rationalen Logik. Vor diesem Hintergrund ist es hilfreich, den Blick auf das System, in dem wir agieren und das wir auch selbst sind, zu richten.<\/p>\n<h3>Systemisches Denken bedeutet, au\u00dferhalb von isolierten und unverbundenen Einzelereignissen zugrundeliegende Muster zu erkennen.<\/h3>\n<p>So k\u00f6nnen Verbindungen zwischen Ereignissen sichtbar gemacht, leicht verstanden und damit auch beeinflusst werden. Eine ausschlie\u00dflich logische Analyse kann in die Irre f\u00fchren oder gar die Lage verschlimmern.<\/p>\n<p>Ein gut sichtbares Beispiel, wo lineares Denken versagt und systemisches Denken weiterbringt, ist unsere Umwelt:<\/p>\n<p>Gegen Sch\u00e4dlinge wurden sehr wirksam Pestizide entwickelt und eingesetzt. Es wurde also logisch und linear vorgegangen. Ph\u00e4nomen \u201ex\u201d ist nicht in Ordnung und es wurde auf die Gr\u00f6\u00dfe bezogen mit \u201ey\u201d gehandelt, um dieses Ph\u00e4nomen zu verhindern. Erst zeitverz\u00f6gert wurden die Folgen sichtbar. F\u00fcr andere Teile im System \u201eUmwelt\u201c hatte es Folgen. Insekten haben sich nicht vermehrt, V\u00f6gel wurden krank bzw. hatten nicht mehr ausreichend Futter, Fische wurden belastet, bis hin zu Auswirkungen beim Menschen.<\/p>\n<div class=\"seminartipp\">\r\n\t\r\n\t<div class=\"content-wrapper\">\r\n\t\t\r\n\t\t<div class=\"\">\r\n\t\t\t<h2>Unsere Seminarempfehlung<\/h2>\r\n\t\t\t<p class=\"h3\">Systems Thinking: Strategiekompetenz in dynamischen Zeiten<\/p>\r\n\t\t\t<p>Strategien, Prozesse und Transformationen scheitern oft, weil komplexe Systeme mit linearem Denken gesteuert werden. In diesem Seminar erh\u00e4ltst du einen neuen Blick auf Organisationen, lernst Muster und Dynamiken zu erkennen und triffst mit systemischem Denken wirksamere Entscheidungen.<\/p>\n<br\/>\r\n\t\t\t<a class=\"btn\" href=\"https:\/\/www.haufe-akademie.de\/41978 \" onclick=\"target_econda_article()\" data-track-style=\"clickbtn\" data-track-type=\"link\" data-track-action=\"recoprimary\" target=\"_blank\">Zum Seminar<\/a>\r\n\t\t<\/div>\r\n\t<\/div>\r\n\t<div class=\"clear\"><\/div>\r\n\t\r\n<\/div><p>Solche Beispiele zeigen die Grenzen linearen Denkens sehr anschaulich.<\/p>\n<p>Weitere Beispiele f\u00fcr Systeme sind Unternehmen, einzelne Organisationseinheiten, Familien, das Individuum, unser K\u00f6rpersystem.<\/p>\n<p>Was bedeutet das f\u00fcr die F\u00fchrungskr\u00e4fte von heute?<br \/>\nMit einem systemischen Blick auf die Dinge k\u00f6nnen sich F\u00fchrungskr\u00e4fte z.B. folgende Frage stellen:<\/p>\n<h3>Welches Verhalten eines:einer Mitarbeiter:in oder im Team nehme ich wahr?<\/h3>\n<p>Die F\u00fchrungskraft sollte neugierig und offen sein, welche Faktoren zu diesem Verhalten f\u00fchren. Dies bedeutet, nicht bereits im Vorfeld zu \u201ewissen\u201d, was die Ursache ist, sonders das wahrgenommene Verhalten\/die wahrgenommene Situation als Symptom zu verstehen, das verschiedene Facetten hat.<\/p>\n<p>Hilfreich k\u00f6nnen hierzu Fragen sein, wie<\/p>\n<ul>\n<li>Was ist das Verhalten genau?<\/li>\n<li>Seit wann zeigt es sich?<\/li>\n<li>In welchen Situationen tritt es auf?<\/li>\n<li>Wer ist daran beteiligt?<\/li>\n<li>Was st\u00f6rt mich daran konkret?<\/li>\n<li>Was w\u00e4re das Wunschverhalten, also was soll stattdessen sein?<\/li>\n<\/ul>\n<h3>Systemisch bedeutet, den Blick zu erweitern, verschiedene Perspektiven einzunehmen und zu ber\u00fccksichtigen, offen f\u00fcr M\u00f6glichkeiten zu sein.<\/h3>\n<p>Wenn sich die m\u00f6glichen Zusammenh\u00e4nge einer Situation abbilden, k\u00f6nnen im Unternehmen bzw. mit den einzelnen Mitarbeitenden oder im Team L\u00f6sungen entwickelt werden, die dann auch nachhaltig sind, weil sie verschiedene Ebenen ber\u00fccksichtigen.<\/p>\n<h3>Diese Art des Denkens und Verstehens unterst\u00fctzt wesentlich bei der Durchf\u00fchrung von Change Projekten und dem Umgang mit Widerst\u00e4nden.<\/h3>\n<p><strong>Ein Praxisbeispiel:<br \/>\n<\/strong>In einem Unternehmen wurde eine neue Software eingef\u00fchrt. Die Mitarbeitenden erhielten sehr umfangreiche Schulungen hierzu. Dennoch wurde diese Software von einem bestimmten Team sehr selten eingesetzt.<\/p>\n<p>Gespr\u00e4che zwischen dem verantwortlichen IT-Projektleiter und den Teammitarbeitenden ergaben \u201ef\u00fcr meinen Alltag passt das nicht\u201c, \u201ef\u00fcr unsere Aufgaben ist das nicht optimal\u201d, \u201ees dauert zu lange\u201c, \u201eist zu aufwendig und zu kompliziert\u201c, \u201ewir haben erst noch andere To-Do\u00b4s auf der Agenda\u201d.<\/p>\n<p>Die IT-Projektleiter:in verstand nicht wirklich, da es diese H\u00fcrden in anderen Bereichen so nicht gab. Sie entschied sich, das Verhalten als Symptom f\u00fcr andere Zusammenh\u00e4nge zu sehen (nicht als Generalboykott) und ging neugierig der Sache in vielen Gespr\u00e4chen mit den Mitarbeitenden auf den Grund.<\/p>\n<p>Es stellte sich auf der Mitarbeitendenebene heraus, dass einige Kolleg:innen Sorgen hatten, dass ihre Kunden die Umstellung nicht gut f\u00e4nden, was Nachteile f\u00fcr die Zusammenarbeit bedeutet h\u00e4tte. Ebenso bestand die Sorge, dass sie langsamer wurden und damit nicht mehr alle Aufgaben h\u00e4tten bew\u00e4ltigen k\u00f6nnen.<\/p>\n<p>Als weiterer Zusammenhang ergab sich, dass der Teamleiter sowie die n\u00e4chst h\u00f6here F\u00fchrungskraft selbst von der Software nicht \u00fcberzeugt waren. Auch bestand ein Konflikt zwischen der n\u00e4chsth\u00f6heren F\u00fchrungskraft und der Leiterin IT.<br \/>\nDie Gesch\u00e4ftsf\u00fchrung selbst hatte das Projekt nach den Schulungen als \u201eumgesetzt\u201c von der To-Do-Liste genommen und keine weiteren Gespr\u00e4che mit den verantwortlichen F\u00fchrungskr\u00e4ften auf der Tagesordnung. Die n\u00e4chsten Themen waren schon in der Warteschleife und damit der Fokus auf anderem.<\/p>\n<p><strong>Fazit:<\/strong> Es spielten mehrere Faktoren im Verhalten der Mitarbeitenden eine Rolle. Diese zu erkennen, zu benennen und aktiv als Motor zur Ver\u00e4nderung zu nutzen war n\u00f6tig, um Ver\u00e4nderung m\u00f6glich zu machen.<br \/>\nUm Klarheit zu erlangen, sind in solchen Situationen Fragen wie z.B. \u201eWas brauchst Du, um\u2026?\u201d hilfreich.<\/p>\n<p>Solche Beispiele gibt es reichlich, ob in Unternehmen als Ganzes, in einzelne Einheiten oder bei einzelnen Mitarbeitenden.<\/p>\n<p><strong>Erst der erweiterte Blick bringt Zusammenh\u00e4nge an die Oberfl\u00e4che und erm\u00f6glicht zukunftsorientierte L\u00f6sungen. Und f\u00fcr jedes Verhalten gibt es gute Gr\u00fcnde. Diese gilt es herauszufinden, z.B. mittels Fragen, die \u00fcber die klassische Fragentechnik hinausgehen.<\/strong><\/p>\n<p>Also, weg von Anweisungen oder \u201emehr Desselben\u201d und hin zu systemischem, ganzheitlichem Denken und Fragen.<\/p>\n<div class=\"seminartipp\">\r\n\t\r\n\t<div class=\"content-wrapper\">\r\n\t\t\r\n\t\t\t<div class=\"image\">\r\n\t\t\t\t<img loading=\"lazy\" decoding=\"async\" width=\"115\" height=\"153\" src=\"https:\/\/www.haufe-akademie.de\/blog\/wp-content\/uploads\/2025\/09\/leadership-kompetenzen.webp\" class=\"attachment-pod size-pod\" alt=\"Zwei junge weibliche F\u00fchrungskr\u00e4fte vor einem B\u00fcrogeb\u00e4ude\" srcset=\"https:\/\/www.haufe-akademie.de\/blog\/wp-content\/uploads\/2025\/09\/leadership-kompetenzen.webp 600w, https:\/\/www.haufe-akademie.de\/blog\/wp-content\/uploads\/2025\/09\/leadership-kompetenzen-225x300.webp 225w, https:\/\/www.haufe-akademie.de\/blog\/wp-content\/uploads\/2025\/09\/leadership-kompetenzen-113x150.webp 113w, https:\/\/www.haufe-akademie.de\/blog\/wp-content\/uploads\/2025\/09\/leadership-kompetenzen-225x300@2x.webp 450w, https:\/\/www.haufe-akademie.de\/blog\/wp-content\/uploads\/2025\/09\/leadership-kompetenzen-113x150@2x.webp 226w\" sizes=\"auto, (max-width: 115px) 100vw, 115px\" \/>\r\n\t\t\t<\/div>\r\n\t\t\r\n\t\t<div class=\"content\">\r\n\t\t\t\r\n\t\t\t<p class=\"h3\">Leadership Kompetenzen<\/p>\r\n\t\t\t<p>Wirksame F\u00fchrung braucht gezielte Entwicklung: Ob f\u00fcr einzelne oder mehrere F\u00fchrungskr\u00e4fte \u2013 wir bieten passgenaue L\u00f6sungen, die Kompetenzen praxisnah st\u00e4rken und nachhaltig verankern.<\/p>\n<br\/>\r\n\t\t\t<a class=\"btn\" href=\"https:\/\/www.haufe-akademie.de\/leadership-kompetenz\" onclick=\"target_econda_article()\" data-track-style=\"clickbtn\" data-track-type=\"link\" data-track-action=\"recoprimary\" target=\"_blank\">Leadership Portfolio entdecken<\/a>\r\n\t\t<\/div>\r\n\t<\/div>\r\n\t<div class=\"clear\"><\/div>\r\n\t\r\n<\/div>","protected":false},"excerpt":{"rendered":"<p>Die Komplexit\u00e4t der Welt wird h\u00f6her. Das ist kein Geheimnis und jeder sp\u00fcrt es in seinem eigenen Umfeld. Auch die Welt der F\u00fchrung ist davon betroffen. Wie gehe ich mit der zunehmenden Komplexit\u00e4t um? Wie kann ich Herausforderungen in dieser Komplexit\u00e4t bew\u00e4ltigen? In den vergangenen Denkmodellen hat man auf logische Analyse und lineares Denken gesetzt:<\/p>\n<div class=\"pageReadMore\"><i class=\"fa fa-angle-right\"><\/i><a href=\"https:\/\/www.haufe-akademie.de\/blog\/themen\/fuehrung-und-leadership\/systemisches-denken-in-der-mitarbeiterfuehrung\/\" title=\"Beitrag lesen\">Beitrag lesen<\/a><\/div>\n","protected":false},"author":30,"featured_media":12789,"comment_status":"closed","ping_status":"closed","sticky":false,"template":"","format":"standard","meta":{"_acf_changed":false,"_lmt_disableupdate":"yes","_lmt_disable":"no","_jetpack_memberships_contains_paid_content":false,"footnotes":""},"categories":[56],"tags":[2018,2019,83,2017,1156],"class_list":{"0":"post-12788","1":"post","2":"type-post","3":"status-publish","4":"format-standard","5":"has-post-thumbnail","7":"category-fuehrung-und-leadership","8":"tag-fuehrungsalltag","9":"tag-loesungsorientiert","10":"tag-selbstfuehrung","11":"tag-systemisch","12":"tag-systemisch-fuehren"},"acf":{"p_authors":[12791]},"yoast_head":"<!-- This site is optimized with the Yoast SEO plugin v27.4 - https:\/\/yoast.com\/product\/yoast-seo-wordpress\/ -->\n<title>Systemisches Denken in der Mitarbeitendenf\u00fchrung<\/title>\n<meta name=\"description\" content=\"Systemisches Denken wird auch in der Mitarbeitendenf\u00fchrung immer wichtiger. \u27a4 Mehr erfahren Sie im Blogbeitrag. Hierzu bieten wir ein passendes Training.\u2714\" \/>\n<meta name=\"robots\" content=\"index, follow, max-snippet:-1, max-image-preview:large, max-video-preview:-1\" \/>\n<link rel=\"canonical\" href=\"https:\/\/www.haufe-akademie.de\/blog\/themen\/fuehrung-und-leadership\/systemisches-denken-in-der-mitarbeiterfuehrung\/\" \/>\n<meta property=\"og:locale\" content=\"de_DE\" \/>\n<meta property=\"og:type\" content=\"article\" \/>\n<meta property=\"og:title\" content=\"Systemisches Denken in der Mitarbeitendenf\u00fchrung\" \/>\n<meta property=\"og:description\" content=\"Systemisches Denken wird auch in der Mitarbeitendenf\u00fchrung immer wichtiger. \u27a4 Mehr erfahren Sie im Blogbeitrag. Hierzu bieten wir ein passendes Training.\u2714\" \/>\n<meta property=\"og:url\" content=\"https:\/\/www.haufe-akademie.de\/blog\/themen\/fuehrung-und-leadership\/systemisches-denken-in-der-mitarbeiterfuehrung\/\" \/>\n<meta property=\"og:site_name\" content=\"Haufe Akademie\" \/>\n<meta property=\"article:publisher\" content=\"https:\/\/www.facebook.com\/HaufeAkademie\" \/>\n<meta property=\"article:published_time\" content=\"2019-03-12T11:58:18+00:00\" \/>\n<meta property=\"article:modified_time\" content=\"2021-09-08T05:50:47+00:00\" \/>\n<meta property=\"og:image\" content=\"https:\/\/www.haufe-akademie.de\/blog\/wp-content\/uploads\/2019\/03\/Systemisches_Denken_in_der_Mitarbeiterfuehrung.jpg\" \/>\n\t<meta property=\"og:image:width\" content=\"800\" \/>\n\t<meta property=\"og:image:height\" content=\"384\" \/>\n\t<meta property=\"og:image:type\" content=\"image\/jpeg\" \/>\n<meta name=\"author\" content=\"Petra Pfirrmann\" \/>\n<meta name=\"twitter:card\" content=\"summary_large_image\" \/>\n<meta name=\"twitter:creator\" content=\"@HaufeAkademie\" \/>\n<meta name=\"twitter:site\" content=\"@HaufeAkademie\" \/>\n<meta name=\"twitter:label1\" content=\"Verfasst von\" \/>\n\t<meta name=\"twitter:data1\" content=\"Petra Pfirrmann\" \/>\n\t<meta name=\"twitter:label2\" content=\"Gesch\u00e4tzte Lesezeit\" \/>\n\t<meta name=\"twitter:data2\" content=\" Minuten\" \/>\n<!-- \/ Yoast SEO plugin. -->","yoast_head_json":{"title":"Systemisches Denken in der Mitarbeitendenf\u00fchrung","description":"Systemisches Denken wird auch in der Mitarbeitendenf\u00fchrung immer wichtiger. \u27a4 Mehr erfahren Sie im Blogbeitrag. Hierzu bieten wir ein passendes Training.\u2714","robots":{"index":"index","follow":"follow","max-snippet":"max-snippet:-1","max-image-preview":"max-image-preview:large","max-video-preview":"max-video-preview:-1"},"canonical":"https:\/\/www.haufe-akademie.de\/blog\/themen\/fuehrung-und-leadership\/systemisches-denken-in-der-mitarbeiterfuehrung\/","og_locale":"de_DE","og_type":"article","og_title":"Systemisches Denken in der Mitarbeitendenf\u00fchrung","og_description":"Systemisches Denken wird auch in der Mitarbeitendenf\u00fchrung immer wichtiger. \u27a4 Mehr erfahren Sie im Blogbeitrag. Hierzu bieten wir ein passendes Training.\u2714","og_url":"https:\/\/www.haufe-akademie.de\/blog\/themen\/fuehrung-und-leadership\/systemisches-denken-in-der-mitarbeiterfuehrung\/","og_site_name":"Haufe Akademie","article_publisher":"https:\/\/www.facebook.com\/HaufeAkademie","article_published_time":"2019-03-12T11:58:18+00:00","article_modified_time":"2021-09-08T05:50:47+00:00","og_image":[{"width":800,"height":384,"url":"https:\/\/www.haufe-akademie.de\/blog\/wp-content\/uploads\/2019\/03\/Systemisches_Denken_in_der_Mitarbeiterfuehrung.jpg","type":"image\/jpeg"}],"author":"Petra Pfirrmann","twitter_card":"summary_large_image","twitter_creator":"@HaufeAkademie","twitter_site":"@HaufeAkademie","twitter_misc":{"Verfasst von":"Petra Pfirrmann","Gesch\u00e4tzte Lesezeit":" Minuten"},"schema":{"@context":"https:\/\/schema.org","@graph":[{"@type":"Article","@id":"https:\/\/www.haufe-akademie.de\/blog\/themen\/fuehrung-und-leadership\/systemisches-denken-in-der-mitarbeiterfuehrung\/#article","isPartOf":{"@id":"https:\/\/www.haufe-akademie.de\/blog\/themen\/fuehrung-und-leadership\/systemisches-denken-in-der-mitarbeiterfuehrung\/"},"author":{"name":"Angelika Joubert","@id":"https:\/\/www.haufe-akademie.de\/blog\/#\/schema\/person\/30fe9ce1c4f8c4f3f8529fe54c9add63"},"headline":"Systemisches Denken in der Mitarbeitendenf\u00fchrung","datePublished":"2019-03-12T11:58:18+00:00","dateModified":"2021-09-08T05:50:47+00:00","mainEntityOfPage":{"@id":"https:\/\/www.haufe-akademie.de\/blog\/themen\/fuehrung-und-leadership\/systemisches-denken-in-der-mitarbeiterfuehrung\/"},"wordCount":904,"publisher":{"@id":"https:\/\/www.haufe-akademie.de\/blog\/#organization"},"image":{"@id":"https:\/\/www.haufe-akademie.de\/blog\/themen\/fuehrung-und-leadership\/systemisches-denken-in-der-mitarbeiterfuehrung\/#primaryimage"},"thumbnailUrl":"https:\/\/www.haufe-akademie.de\/blog\/wp-content\/uploads\/2019\/03\/Systemisches_Denken_in_der_Mitarbeiterfuehrung.jpg","keywords":["F\u00fchrungsalltag","l\u00f6sungsorientiert","Selbstf\u00fchrung","Systemisch","Systemisch f\u00fchren"],"articleSection":["F\u00fchrung und Leadership"],"inLanguage":"de-DE"},{"@type":"WebPage","@id":"https:\/\/www.haufe-akademie.de\/blog\/themen\/fuehrung-und-leadership\/systemisches-denken-in-der-mitarbeiterfuehrung\/","url":"https:\/\/www.haufe-akademie.de\/blog\/themen\/fuehrung-und-leadership\/systemisches-denken-in-der-mitarbeiterfuehrung\/","name":"Systemisches Denken in der Mitarbeitendenf\u00fchrung","isPartOf":{"@id":"https:\/\/www.haufe-akademie.de\/blog\/#website"},"primaryImageOfPage":{"@id":"https:\/\/www.haufe-akademie.de\/blog\/themen\/fuehrung-und-leadership\/systemisches-denken-in-der-mitarbeiterfuehrung\/#primaryimage"},"image":{"@id":"https:\/\/www.haufe-akademie.de\/blog\/themen\/fuehrung-und-leadership\/systemisches-denken-in-der-mitarbeiterfuehrung\/#primaryimage"},"thumbnailUrl":"https:\/\/www.haufe-akademie.de\/blog\/wp-content\/uploads\/2019\/03\/Systemisches_Denken_in_der_Mitarbeiterfuehrung.jpg","datePublished":"2019-03-12T11:58:18+00:00","dateModified":"2021-09-08T05:50:47+00:00","description":"Systemisches Denken wird auch in der Mitarbeitendenf\u00fchrung immer wichtiger. \u27a4 Mehr erfahren Sie im Blogbeitrag. Hierzu bieten wir ein passendes Training.\u2714","breadcrumb":{"@id":"https:\/\/www.haufe-akademie.de\/blog\/themen\/fuehrung-und-leadership\/systemisches-denken-in-der-mitarbeiterfuehrung\/#breadcrumb"},"inLanguage":"de-DE","potentialAction":[{"@type":"ReadAction","target":["https:\/\/www.haufe-akademie.de\/blog\/themen\/fuehrung-und-leadership\/systemisches-denken-in-der-mitarbeiterfuehrung\/"]}]},{"@type":"ImageObject","inLanguage":"de-DE","@id":"https:\/\/www.haufe-akademie.de\/blog\/themen\/fuehrung-und-leadership\/systemisches-denken-in-der-mitarbeiterfuehrung\/#primaryimage","url":"https:\/\/www.haufe-akademie.de\/blog\/wp-content\/uploads\/2019\/03\/Systemisches_Denken_in_der_Mitarbeiterfuehrung.jpg","contentUrl":"https:\/\/www.haufe-akademie.de\/blog\/wp-content\/uploads\/2019\/03\/Systemisches_Denken_in_der_Mitarbeiterfuehrung.jpg","width":800,"height":384},{"@type":"BreadcrumbList","@id":"https:\/\/www.haufe-akademie.de\/blog\/themen\/fuehrung-und-leadership\/systemisches-denken-in-der-mitarbeiterfuehrung\/#breadcrumb","itemListElement":[{"@type":"ListItem","position":1,"name":"Home","item":"https:\/\/www.haufe-akademie.de\/blog\/"},{"@type":"ListItem","position":2,"name":"Alle Beitr\u00e4ge","item":"https:\/\/www.haufe-akademie.de\/blog\/themen\/"},{"@type":"ListItem","position":3,"name":"F\u00fchrung und Leadership","item":"https:\/\/www.haufe-akademie.de\/blog\/themen\/fuehrung-und-leadership\/"},{"@type":"ListItem","position":4,"name":"Systemisches Denken in der Mitarbeitendenf\u00fchrung"}]},{"@type":"WebSite","@id":"https:\/\/www.haufe-akademie.de\/blog\/#website","url":"https:\/\/www.haufe-akademie.de\/blog\/","name":"Haufe Akademie","description":"","publisher":{"@id":"https:\/\/www.haufe-akademie.de\/blog\/#organization"},"potentialAction":[{"@type":"SearchAction","target":{"@type":"EntryPoint","urlTemplate":"https:\/\/www.haufe-akademie.de\/blog\/?s={search_term_string}"},"query-input":{"@type":"PropertyValueSpecification","valueRequired":true,"valueName":"search_term_string"}}],"inLanguage":"de-DE"},{"@type":"Organization","@id":"https:\/\/www.haufe-akademie.de\/blog\/#organization","name":"Haufe Akademie","url":"https:\/\/www.haufe-akademie.de\/blog\/","logo":{"@type":"ImageObject","inLanguage":"de-DE","@id":"https:\/\/www.haufe-akademie.de\/blog\/#\/schema\/logo\/image\/","url":"https:\/\/www.haufe-akademie.de\/blog\/wp-content\/uploads\/2024\/06\/favicon_haufe.png","contentUrl":"https:\/\/www.haufe-akademie.de\/blog\/wp-content\/uploads\/2024\/06\/favicon_haufe.png","width":144,"height":144,"caption":"Haufe Akademie"},"image":{"@id":"https:\/\/www.haufe-akademie.de\/blog\/#\/schema\/logo\/image\/"},"sameAs":["https:\/\/www.facebook.com\/HaufeAkademie","https:\/\/x.com\/HaufeAkademie"]},{"@type":"Person","@id":"https:\/\/www.haufe-akademie.de\/blog\/#\/schema\/person\/30fe9ce1c4f8c4f3f8529fe54c9add63","name":"Angelika Joubert","image":{"@type":"ImageObject","inLanguage":"de-DE","@id":"https:\/\/secure.gravatar.com\/avatar\/ca5cde36dbd822cfde94622c5d54ebff8792edae6d9a95ed59d43c4d174d38a5?s=96&d=blank&r=g","url":"https:\/\/secure.gravatar.com\/avatar\/ca5cde36dbd822cfde94622c5d54ebff8792edae6d9a95ed59d43c4d174d38a5?s=96&d=blank&r=g","contentUrl":"https:\/\/secure.gravatar.com\/avatar\/ca5cde36dbd822cfde94622c5d54ebff8792edae6d9a95ed59d43c4d174d38a5?s=96&d=blank&r=g","caption":"Angelika Joubert"},"url":"https:\/\/www.haufe-akademie.de\/blog\/author\/angelika-joubert\/"}]}},"modified_by":"Claudia Riede","jetpack_featured_media_url":"https:\/\/www.haufe-akademie.de\/blog\/wp-content\/uploads\/2019\/03\/Systemisches_Denken_in_der_Mitarbeiterfuehrung.jpg","jetpack_sharing_enabled":true,"amp_enabled":true,"_links":{"self":[{"href":"https:\/\/www.haufe-akademie.de\/blog\/wp-json\/wp\/v2\/posts\/12788","targetHints":{"allow":["GET"]}}],"collection":[{"href":"https:\/\/www.haufe-akademie.de\/blog\/wp-json\/wp\/v2\/posts"}],"about":[{"href":"https:\/\/www.haufe-akademie.de\/blog\/wp-json\/wp\/v2\/types\/post"}],"author":[{"embeddable":true,"href":"https:\/\/www.haufe-akademie.de\/blog\/wp-json\/wp\/v2\/users\/30"}],"replies":[{"embeddable":true,"href":"https:\/\/www.haufe-akademie.de\/blog\/wp-json\/wp\/v2\/comments?post=12788"}],"version-history":[{"count":6,"href":"https:\/\/www.haufe-akademie.de\/blog\/wp-json\/wp\/v2\/posts\/12788\/revisions"}],"predecessor-version":[{"id":36576,"href":"https:\/\/www.haufe-akademie.de\/blog\/wp-json\/wp\/v2\/posts\/12788\/revisions\/36576"}],"acf:post":[{"embeddable":true,"href":"https:\/\/www.haufe-akademie.de\/blog\/wp-json\/wp\/v2\/autoren\/12791"}],"wp:featuredmedia":[{"embeddable":true,"href":"https:\/\/www.haufe-akademie.de\/blog\/wp-json\/wp\/v2\/media\/12789"}],"wp:attachment":[{"href":"https:\/\/www.haufe-akademie.de\/blog\/wp-json\/wp\/v2\/media?parent=12788"}],"wp:term":[{"taxonomy":"category","embeddable":true,"href":"https:\/\/www.haufe-akademie.de\/blog\/wp-json\/wp\/v2\/categories?post=12788"},{"taxonomy":"post_tag","embeddable":true,"href":"https:\/\/www.haufe-akademie.de\/blog\/wp-json\/wp\/v2\/tags?post=12788"}],"curies":[{"name":"wp","href":"https:\/\/api.w.org\/{rel}","templated":true}]}}