{"id":14480,"date":"2020-03-09T11:42:21","date_gmt":"2020-03-09T10:42:21","guid":{"rendered":"https:\/\/www.haufe-akademie.de\/blog\/?p=14480"},"modified":"2021-08-31T15:36:02","modified_gmt":"2021-08-31T13:36:02","slug":"was-unsere-stimme-ueber-uns-aussagt","status":"publish","type":"post","link":"https:\/\/www.haufe-akademie.de\/blog\/themen\/persoenliche-kompetenz\/was-unsere-stimme-ueber-uns-aussagt\/","title":{"rendered":"Was unsere Stimme \u00fcber uns aussagt"},"content":{"rendered":"<p>Die Stimme geh\u00f6rt zu unserer Pers\u00f6nlichkeit und spielt eine gro\u00dfe Rolle dabei, wie wir von anderen wahrgenommen werden. Sie verr\u00e4t, wie alt wir etwa sind, welches Geschlecht wir haben und woher wir kommen. Und noch viel mehr: Aus dem Klang der Stimme lassen sich R\u00fcckschl\u00fcsse auf die Stimmung des:der Sprecher:in ziehen. Wir gehen in diesem Blogbeitrag dem &#8222;Geheimnis&#8220; der Stimme nach und zeigen Ihnen, warum es gerade f\u00fcr Fach- und F\u00fchrungskr\u00e4fte sinnvoll ist, der Stimme durch Sprechtraining mehr Stabilit\u00e4t und Profil zu verleihen.<\/p>\n<h2>Wie ein klanglicher Fingerabdruck \u2013 unsere Stimme<\/h2>\n<p>Kein anderer Mensch auf der Welt hat genau dieselbe Stimme wie Sie. Denn jedes Stimmprofil ist einzigartig. Dieses Stimmprofil h\u00e4ngt unter anderem von der Gr\u00f6\u00dfe des Kehlkopfs, den Hormonen, den Stimmlippen (das sind die Muskeln des Kehlkopfs), aber auch von unserer Umwelt sowie der Zeit, in der wir leben, ab.<\/p>\n<p>Wie tief oder hoch wir sprechen, ist eine Frage der Physik. Tiefe und H\u00f6he werden von der Gr\u00f6\u00dfe der Stimmlippen bestimmt. Kurze und feine Stimmlippen k\u00f6nnen pro Sekunde h\u00e4ufiger schwingen, erzeugen also eine h\u00f6here Frequenz und somit einen h\u00f6heren Ton. Da M\u00e4nner in der Regel l\u00e4ngere und dickere Kehlkopfmuskeln haben, ist deren Stimme von Natur aus tiefer als weibliche Stimmen. H\u00e4tten Sie\u2019s gewusst? Die Stimmen von Frauen in Mitteleuropa sind in den letzten Jahrzehnten durchschnittlich um eine Terz gesunken. Haben Sie das Kinderlied &#8222;Kuckuck&#8220; im Ohr? Der Liedanfang entspricht eben dieser Terz.<\/p>\n<h2>Nur ein Teil unseres Stimmprofils ist unver\u00e4nderbar<\/h2>\n<p>Wir selbst k\u00f6nnen unsere Stimmh\u00f6he bewusst ver\u00e4ndern. Denn neben der physischen Disposition ist die Stimmfarbe abh\u00e4ngig von unserer K\u00f6rperspannung. Je angespannter der Kehlkopf ist, desto h\u00f6her sprechen wir. Eine erh\u00f6hte Stimmlage kann demnach zum Beispiel auf Aufregung oder Stress hindeuten. Sind wir ver\u00e4rgert, schlie\u00dfen sich die Stimmlippen schneller, der Ton wird somit impulsartiger erzeugt und klingt in unseren Ohren aggressiver sowie kr\u00e4ftiger. Sind wir hingegen traurig, schlie\u00dfen die Stimmlippen langsam und weich. Die Klangenergie wird im unteren Frequenzspektrum geb\u00fcndelt, wodurch unsere Stimme dumpfer und dunkler klingt.<\/p>\n<p>Was wir intuitiv wahrnehmen, haben Forscher:innen mittlerweile genauer untersucht: eine br\u00fcchige Stimme mit ansteigender Tonh\u00f6he deutet auf Nervosit\u00e4t, Anspannung oder emotionale Instabilit\u00e4t des Sprechers hin.<\/p>\n<h2>Mit unserer Stimme teilen wir etwas \u00fcber uns mit und bilden Bedeutungsebenen<\/h2>\n<p>Unsere Stimme ist oft wichtiger als unsere Mimik oder sonstige K\u00f6rpersprache. Anhand unserer Stimme k\u00f6nnen andere erkennen, woher wir kommen und welches Alter wir ungef\u00e4hr haben. Dar\u00fcber hinaus kann unsere Stimme W\u00f6rtern sowie S\u00e4tzen eine andere Bedeutung geben. Denken Sie an einen Satz wie &#8222;Endlich bist du da&#8220;. Zornig gesprochen, schwingt ein Vorwurf mit. Freudig ausgesprochen, dr\u00fcckt er Erleichterung aus.<\/p>\n<p>Zu guter Letzt empfinden wir Menschen aufgrund der Stimme auch als sympathisch oder unsympathisch. Bis zu 50 Prozent unserer Sympathie oder Antipathie entwickeln sich anhand der Stimme unseres Gegen\u00fcbers.<\/p>\n<h2>Je tiefer die Stimme, desto souver\u00e4ner und verl\u00e4sslicher?<\/h2>\n<p>Tats\u00e4chlich haben viele Studien gezeigt, dass Menschen mit tieferen Stimmen Souver\u00e4nit\u00e4t, Verl\u00e4sslichkeit und Kompetenz verbinden. Vermutlich schlie\u00dft der Mensch unbewusst aus der Tonlage auf den Charakter oder mentalen Zustand des anderen.<br \/>\nEine tiefere Stimmlage hat noch einen weiteren Vorteil: Sie ist akustisch einfacher zu verstehen als z.B. hohe und piepsige Stimmen.<\/p>\n<p><em>Fazit: Was Fach- und F\u00fchrungskr\u00e4fte aus der &#8222;Stimmpsychologie&#8220; mitnehmen k\u00f6nnen<\/em><\/p>\n<p>Die wichtigste Erkenntnis rund um die Stimme ist die, dass unsere Muskelspannung Einfluss auf unsere Stimmh\u00f6he hat. Dabei handelt es sich um die Faktoren, die wir mit Stimmtraining auch wirklich beeinflussen k\u00f6nnen. Die L\u00e4nge und Dicke der Stimmlippen hingegen sind ein anatomisches Faktum.<\/p>\n<p>Durch bestimmte <a href=\"https:\/\/www.haufe-akademie.de\/blog\/themen\/persoenliche-kompetenz\/stimmtraining-5-einfache-stimmuebungen-fuer-fach-und-fuehrungskraefte\/\">Stimmtraining-\u00dcbungen<\/a> besteht die M\u00f6glichkeit, z.B. die Spannung des Kiefers zu reduzieren und die Muskulatur zu lockern. Mit einem konstanten Training der Stimme k\u00f6nnen Fach- und F\u00fchrungskr\u00e4fte lernen, stimmlich sicherer und souver\u00e4ner aufzutreten. Denn niemand w\u00fcnscht sich, dass die Stimme mehr Angst und Nervosit\u00e4t als Zuversicht und St\u00e4rke ausdr\u00fcckt.<\/p>\n<p>In der Praxis hei\u00dft das jedoch kontinuierliche \u00dcbung. Mit dem entsprechenden <a href=\"https:\/\/www.haufe-akademie.de\/blog\/themen\/persoenliche-kompetenz\/stimmtraining-5-einfache-stimmuebungen-fuer-fach-und-fuehrungskraefte\/\">Stimmtraining<\/a> gelingt es Ihnen, auch in unterschiedlichen Gef\u00fchlslagen eine konstante Stimmlage beizubehalten.<\/p>\n","protected":false},"excerpt":{"rendered":"<p>Die Stimme geh\u00f6rt zu unserer Pers\u00f6nlichkeit und spielt eine gro\u00dfe Rolle dabei, wie wir von anderen wahrgenommen werden. Sie verr\u00e4t, wie alt wir etwa sind, welches Geschlecht wir haben und woher wir kommen. Und noch viel mehr: Aus dem Klang der Stimme lassen sich R\u00fcckschl\u00fcsse auf die Stimmung des:der Sprecher:in ziehen. Wir gehen in diesem<\/p>\n<div class=\"pageReadMore\"><i class=\"fa fa-angle-right\"><\/i><a href=\"https:\/\/www.haufe-akademie.de\/blog\/themen\/persoenliche-kompetenz\/was-unsere-stimme-ueber-uns-aussagt\/\" title=\"Beitrag lesen\">Beitrag lesen<\/a><\/div>\n","protected":false},"author":30,"featured_media":14482,"comment_status":"closed","ping_status":"closed","sticky":false,"template":"","format":"standard","meta":{"_acf_changed":false,"_lmt_disableupdate":"","_lmt_disable":"no","_jetpack_memberships_contains_paid_content":false,"footnotes":""},"categories":[79],"tags":[62,602,1546,339],"class_list":{"0":"post-14480","1":"post","2":"type-post","3":"status-publish","4":"format-standard","5":"has-post-thumbnail","7":"category-persoenliche-kompetenz","8":"tag-kommunikation","9":"tag-koerpersprache","10":"tag-persoenlichkeit","11":"tag-stimme"},"acf":{"p_authors":[9300]},"yoast_head":"<!-- This site is optimized with the Yoast SEO plugin v27.4 - https:\/\/yoast.com\/product\/yoast-seo-wordpress\/ -->\n<title>Was unsere Stimme \u00fcber uns aussagt<\/title>\n<meta name=\"description\" content=\"Was sagt unsere Stimme \u00fcber uns aus und wie k\u00f6nnen Fach- und F\u00fchrungskr\u00e4fte von Sprechtrainings profitieren? \u27a4 Mehr im Blogbeitrag. \u2714\" \/>\n<meta name=\"robots\" content=\"index, follow, max-snippet:-1, max-image-preview:large, max-video-preview:-1\" \/>\n<link rel=\"canonical\" href=\"https:\/\/www.haufe-akademie.de\/blog\/themen\/persoenliche-kompetenz\/was-unsere-stimme-ueber-uns-aussagt\/\" \/>\n<meta property=\"og:locale\" content=\"de_DE\" \/>\n<meta property=\"og:type\" content=\"article\" \/>\n<meta property=\"og:title\" content=\"Was unsere Stimme \u00fcber uns aussagt\" \/>\n<meta property=\"og:description\" content=\"Was sagt unsere Stimme \u00fcber uns aus und wie k\u00f6nnen Fach- und F\u00fchrungskr\u00e4fte von Sprechtrainings profitieren? \u27a4 Mehr im Blogbeitrag. \u2714\" \/>\n<meta property=\"og:url\" content=\"https:\/\/www.haufe-akademie.de\/blog\/themen\/persoenliche-kompetenz\/was-unsere-stimme-ueber-uns-aussagt\/\" \/>\n<meta property=\"og:site_name\" content=\"Haufe Akademie\" \/>\n<meta property=\"article:publisher\" content=\"https:\/\/www.facebook.com\/HaufeAkademie\" \/>\n<meta property=\"article:published_time\" content=\"2020-03-09T10:42:21+00:00\" \/>\n<meta property=\"article:modified_time\" content=\"2021-08-31T13:36:02+00:00\" \/>\n<meta property=\"og:image\" content=\"https:\/\/www.haufe-akademie.de\/blog\/wp-content\/uploads\/2020\/03\/Was-unsere-Stimme-ueber-uns-aussagt.jpg\" \/>\n\t<meta property=\"og:image:width\" content=\"800\" \/>\n\t<meta property=\"og:image:height\" content=\"384\" \/>\n\t<meta property=\"og:image:type\" content=\"image\/jpeg\" \/>\n<meta name=\"author\" content=\"Rainer K. Kasemir\" \/>\n<meta name=\"twitter:card\" content=\"summary_large_image\" \/>\n<meta name=\"twitter:creator\" content=\"@HaufeAkademie\" \/>\n<meta name=\"twitter:site\" content=\"@HaufeAkademie\" \/>\n<meta name=\"twitter:label1\" content=\"Verfasst von\" \/>\n\t<meta name=\"twitter:data1\" content=\"Rainer K. Kasemir\" \/>\n\t<meta name=\"twitter:label2\" content=\"Gesch\u00e4tzte Lesezeit\" \/>\n\t<meta name=\"twitter:data2\" content=\" Minuten\" \/>\n<!-- \/ Yoast SEO plugin. -->","yoast_head_json":{"title":"Was unsere Stimme \u00fcber uns aussagt","description":"Was sagt unsere Stimme \u00fcber uns aus und wie k\u00f6nnen Fach- und F\u00fchrungskr\u00e4fte von Sprechtrainings profitieren? \u27a4 Mehr im Blogbeitrag. \u2714","robots":{"index":"index","follow":"follow","max-snippet":"max-snippet:-1","max-image-preview":"max-image-preview:large","max-video-preview":"max-video-preview:-1"},"canonical":"https:\/\/www.haufe-akademie.de\/blog\/themen\/persoenliche-kompetenz\/was-unsere-stimme-ueber-uns-aussagt\/","og_locale":"de_DE","og_type":"article","og_title":"Was unsere Stimme \u00fcber uns aussagt","og_description":"Was sagt unsere Stimme \u00fcber uns aus und wie k\u00f6nnen Fach- und F\u00fchrungskr\u00e4fte von Sprechtrainings profitieren? \u27a4 Mehr im Blogbeitrag. \u2714","og_url":"https:\/\/www.haufe-akademie.de\/blog\/themen\/persoenliche-kompetenz\/was-unsere-stimme-ueber-uns-aussagt\/","og_site_name":"Haufe Akademie","article_publisher":"https:\/\/www.facebook.com\/HaufeAkademie","article_published_time":"2020-03-09T10:42:21+00:00","article_modified_time":"2021-08-31T13:36:02+00:00","og_image":[{"width":800,"height":384,"url":"https:\/\/www.haufe-akademie.de\/blog\/wp-content\/uploads\/2020\/03\/Was-unsere-Stimme-ueber-uns-aussagt.jpg","type":"image\/jpeg"}],"author":"Rainer K. Kasemir","twitter_card":"summary_large_image","twitter_creator":"@HaufeAkademie","twitter_site":"@HaufeAkademie","twitter_misc":{"Verfasst von":"Rainer K. Kasemir","Gesch\u00e4tzte Lesezeit":" Minuten"},"schema":{"@context":"https:\/\/schema.org","@graph":[{"@type":"Article","@id":"https:\/\/www.haufe-akademie.de\/blog\/themen\/persoenliche-kompetenz\/was-unsere-stimme-ueber-uns-aussagt\/#article","isPartOf":{"@id":"https:\/\/www.haufe-akademie.de\/blog\/themen\/persoenliche-kompetenz\/was-unsere-stimme-ueber-uns-aussagt\/"},"author":{"name":"Angelika Joubert","@id":"https:\/\/www.haufe-akademie.de\/blog\/#\/schema\/person\/30fe9ce1c4f8c4f3f8529fe54c9add63"},"headline":"Was unsere Stimme \u00fcber uns aussagt","datePublished":"2020-03-09T10:42:21+00:00","dateModified":"2021-08-31T13:36:02+00:00","mainEntityOfPage":{"@id":"https:\/\/www.haufe-akademie.de\/blog\/themen\/persoenliche-kompetenz\/was-unsere-stimme-ueber-uns-aussagt\/"},"wordCount":721,"publisher":{"@id":"https:\/\/www.haufe-akademie.de\/blog\/#organization"},"image":{"@id":"https:\/\/www.haufe-akademie.de\/blog\/themen\/persoenliche-kompetenz\/was-unsere-stimme-ueber-uns-aussagt\/#primaryimage"},"thumbnailUrl":"https:\/\/www.haufe-akademie.de\/blog\/wp-content\/uploads\/2020\/03\/Was-unsere-Stimme-ueber-uns-aussagt.jpg","keywords":["Kommunikation","K\u00f6rpersprache","Pers\u00f6nlichkeit","Stimme"],"articleSection":["Pers\u00f6nliche und Soziale Kompetenzen"],"inLanguage":"de-DE"},{"@type":"WebPage","@id":"https:\/\/www.haufe-akademie.de\/blog\/themen\/persoenliche-kompetenz\/was-unsere-stimme-ueber-uns-aussagt\/","url":"https:\/\/www.haufe-akademie.de\/blog\/themen\/persoenliche-kompetenz\/was-unsere-stimme-ueber-uns-aussagt\/","name":"Was unsere Stimme \u00fcber uns aussagt","isPartOf":{"@id":"https:\/\/www.haufe-akademie.de\/blog\/#website"},"primaryImageOfPage":{"@id":"https:\/\/www.haufe-akademie.de\/blog\/themen\/persoenliche-kompetenz\/was-unsere-stimme-ueber-uns-aussagt\/#primaryimage"},"image":{"@id":"https:\/\/www.haufe-akademie.de\/blog\/themen\/persoenliche-kompetenz\/was-unsere-stimme-ueber-uns-aussagt\/#primaryimage"},"thumbnailUrl":"https:\/\/www.haufe-akademie.de\/blog\/wp-content\/uploads\/2020\/03\/Was-unsere-Stimme-ueber-uns-aussagt.jpg","datePublished":"2020-03-09T10:42:21+00:00","dateModified":"2021-08-31T13:36:02+00:00","description":"Was sagt unsere Stimme \u00fcber uns aus und wie k\u00f6nnen Fach- und F\u00fchrungskr\u00e4fte von Sprechtrainings profitieren? \u27a4 Mehr im Blogbeitrag. \u2714","breadcrumb":{"@id":"https:\/\/www.haufe-akademie.de\/blog\/themen\/persoenliche-kompetenz\/was-unsere-stimme-ueber-uns-aussagt\/#breadcrumb"},"inLanguage":"de-DE","potentialAction":[{"@type":"ReadAction","target":["https:\/\/www.haufe-akademie.de\/blog\/themen\/persoenliche-kompetenz\/was-unsere-stimme-ueber-uns-aussagt\/"]}]},{"@type":"ImageObject","inLanguage":"de-DE","@id":"https:\/\/www.haufe-akademie.de\/blog\/themen\/persoenliche-kompetenz\/was-unsere-stimme-ueber-uns-aussagt\/#primaryimage","url":"https:\/\/www.haufe-akademie.de\/blog\/wp-content\/uploads\/2020\/03\/Was-unsere-Stimme-ueber-uns-aussagt.jpg","contentUrl":"https:\/\/www.haufe-akademie.de\/blog\/wp-content\/uploads\/2020\/03\/Was-unsere-Stimme-ueber-uns-aussagt.jpg","width":800,"height":384,"caption":"Young business man talking with female colleague in meeting room. African male professional in board room meeting in office."},{"@type":"BreadcrumbList","@id":"https:\/\/www.haufe-akademie.de\/blog\/themen\/persoenliche-kompetenz\/was-unsere-stimme-ueber-uns-aussagt\/#breadcrumb","itemListElement":[{"@type":"ListItem","position":1,"name":"Home","item":"https:\/\/www.haufe-akademie.de\/blog\/"},{"@type":"ListItem","position":2,"name":"Alle Beitr\u00e4ge","item":"https:\/\/www.haufe-akademie.de\/blog\/themen\/"},{"@type":"ListItem","position":3,"name":"Pers\u00f6nliche und Soziale Kompetenzen","item":"https:\/\/www.haufe-akademie.de\/blog\/themen\/persoenliche-kompetenz\/"},{"@type":"ListItem","position":4,"name":"Was unsere Stimme \u00fcber uns aussagt"}]},{"@type":"WebSite","@id":"https:\/\/www.haufe-akademie.de\/blog\/#website","url":"https:\/\/www.haufe-akademie.de\/blog\/","name":"Haufe Akademie","description":"","publisher":{"@id":"https:\/\/www.haufe-akademie.de\/blog\/#organization"},"potentialAction":[{"@type":"SearchAction","target":{"@type":"EntryPoint","urlTemplate":"https:\/\/www.haufe-akademie.de\/blog\/?s={search_term_string}"},"query-input":{"@type":"PropertyValueSpecification","valueRequired":true,"valueName":"search_term_string"}}],"inLanguage":"de-DE"},{"@type":"Organization","@id":"https:\/\/www.haufe-akademie.de\/blog\/#organization","name":"Haufe Akademie","url":"https:\/\/www.haufe-akademie.de\/blog\/","logo":{"@type":"ImageObject","inLanguage":"de-DE","@id":"https:\/\/www.haufe-akademie.de\/blog\/#\/schema\/logo\/image\/","url":"https:\/\/www.haufe-akademie.de\/blog\/wp-content\/uploads\/2024\/06\/favicon_haufe.png","contentUrl":"https:\/\/www.haufe-akademie.de\/blog\/wp-content\/uploads\/2024\/06\/favicon_haufe.png","width":144,"height":144,"caption":"Haufe Akademie"},"image":{"@id":"https:\/\/www.haufe-akademie.de\/blog\/#\/schema\/logo\/image\/"},"sameAs":["https:\/\/www.facebook.com\/HaufeAkademie","https:\/\/x.com\/HaufeAkademie"]},{"@type":"Person","@id":"https:\/\/www.haufe-akademie.de\/blog\/#\/schema\/person\/30fe9ce1c4f8c4f3f8529fe54c9add63","name":"Angelika Joubert","image":{"@type":"ImageObject","inLanguage":"de-DE","@id":"https:\/\/secure.gravatar.com\/avatar\/ca5cde36dbd822cfde94622c5d54ebff8792edae6d9a95ed59d43c4d174d38a5?s=96&d=blank&r=g","url":"https:\/\/secure.gravatar.com\/avatar\/ca5cde36dbd822cfde94622c5d54ebff8792edae6d9a95ed59d43c4d174d38a5?s=96&d=blank&r=g","contentUrl":"https:\/\/secure.gravatar.com\/avatar\/ca5cde36dbd822cfde94622c5d54ebff8792edae6d9a95ed59d43c4d174d38a5?s=96&d=blank&r=g","caption":"Angelika Joubert"},"url":"https:\/\/www.haufe-akademie.de\/blog\/author\/angelika-joubert\/"}]}},"modified_by":"Angelika Joubert","jetpack_featured_media_url":"https:\/\/www.haufe-akademie.de\/blog\/wp-content\/uploads\/2020\/03\/Was-unsere-Stimme-ueber-uns-aussagt.jpg","jetpack_sharing_enabled":true,"amp_enabled":true,"_links":{"self":[{"href":"https:\/\/www.haufe-akademie.de\/blog\/wp-json\/wp\/v2\/posts\/14480","targetHints":{"allow":["GET"]}}],"collection":[{"href":"https:\/\/www.haufe-akademie.de\/blog\/wp-json\/wp\/v2\/posts"}],"about":[{"href":"https:\/\/www.haufe-akademie.de\/blog\/wp-json\/wp\/v2\/types\/post"}],"author":[{"embeddable":true,"href":"https:\/\/www.haufe-akademie.de\/blog\/wp-json\/wp\/v2\/users\/30"}],"replies":[{"embeddable":true,"href":"https:\/\/www.haufe-akademie.de\/blog\/wp-json\/wp\/v2\/comments?post=14480"}],"version-history":[{"count":5,"href":"https:\/\/www.haufe-akademie.de\/blog\/wp-json\/wp\/v2\/posts\/14480\/revisions"}],"predecessor-version":[{"id":22159,"href":"https:\/\/www.haufe-akademie.de\/blog\/wp-json\/wp\/v2\/posts\/14480\/revisions\/22159"}],"acf:post":[{"embeddable":true,"href":"https:\/\/www.haufe-akademie.de\/blog\/wp-json\/wp\/v2\/autoren\/9300"}],"wp:featuredmedia":[{"embeddable":true,"href":"https:\/\/www.haufe-akademie.de\/blog\/wp-json\/wp\/v2\/media\/14482"}],"wp:attachment":[{"href":"https:\/\/www.haufe-akademie.de\/blog\/wp-json\/wp\/v2\/media?parent=14480"}],"wp:term":[{"taxonomy":"category","embeddable":true,"href":"https:\/\/www.haufe-akademie.de\/blog\/wp-json\/wp\/v2\/categories?post=14480"},{"taxonomy":"post_tag","embeddable":true,"href":"https:\/\/www.haufe-akademie.de\/blog\/wp-json\/wp\/v2\/tags?post=14480"}],"curies":[{"name":"wp","href":"https:\/\/api.w.org\/{rel}","templated":true}]}}