{"id":14934,"date":"2020-07-24T08:00:05","date_gmt":"2020-07-24T06:00:05","guid":{"rendered":"https:\/\/www.haufe-akademie.de\/blog\/?p=14934"},"modified":"2021-08-24T17:05:15","modified_gmt":"2021-08-24T15:05:15","slug":"selbstfuehrung-unser-innerer-kompass-in-die-zukunft","status":"publish","type":"post","link":"https:\/\/www.haufe-akademie.de\/blog\/themen\/persoenliche-kompetenz\/selbstfuehrung-unser-innerer-kompass-in-die-zukunft\/","title":{"rendered":"Selbstf\u00fchrung: Unser innerer Kompass auf dem Weg in die Zukunft"},"content":{"rendered":"<h2>Selbstf\u00fchrung \u2013 so pr\u00e4sent wie selten zuvor<\/h2>\n<p>In den letzten Jahren haben wir gelernt, dass die Arbeitswelt von einem st\u00e4ndigen Wandel gepr\u00e4gt ist und Arbeit sich neu definieren muss. <a href=\"https:\/\/www.haufe-akademie.de\/hierarchy\/selbstfuehrung-und-selbstmanagement\">Selbstf\u00fchrung<\/a> ist dabei unser innerer Erfolgskompass, mit dem wir unser Leben und unsere Arbeit navigieren. Gerade in der Zeit nach gro\u00dfen gesellschaftlichen Ver\u00e4nderungen ist Selbstf\u00fchrung so pr\u00e4sent wie selten zuvor. Flexibles Arbeiten von zuhause aus und das Lernen mit neuen Methoden zeigen ganz unterschiedliche Auswirkungen. Was sie alle gemeinsam haben? Das Erreichen pers\u00f6nlicher Ziele und die F\u00e4higkeit, strukturiert zu arbeiten oder zu lernen, ohne vorgegebene Abl\u00e4ufe und externe Kontrolle. Diese F\u00e4higkeiten mussten erlernt werden und sind ein entscheidendes Werkzeug in diesem Zusammenhang.<\/p>\n<h2>Selbstf\u00fchrung hei\u00dft Klarheit \u00fcber die eigenen Arbeits- und Lebensziele zu erlangen<\/h2>\n<p>Mit dem Konstrukt der Selbstf\u00fchrung versuchen Forscher:innen seit einiger Zeit die M\u00f6glichkeiten gezielter Steuerung, Kontrolle und Gestaltung psychischer Prozesse zu erforschen und zu erkl\u00e4ren. Sie zeigen auf, wie Menschen Resultate erzielen k\u00f6nnen, ihre Ressourcen nutzen und die eigene Erfolgswahrscheinlichkeit bei der Umsetzung von Zielen und Projekten zu erh\u00f6hen. Menschen, die sich selbst f\u00fchren k\u00f6nnen, denken und handeln eigenverantwortlich und sind dabei in der Lage in Zeiten tiefgreifender Ver\u00e4nderungen intuitiv richtig zu handeln. Sie bewahren innere Ruhe, Selbstvertrauen und erhalten Klarheit \u00fcber die eigenen Potenziale sowie ihre Arbeits- und Lebensziele.<\/p>\n<h2>Nur wer sich selbst f\u00fchren kann, kann auch andere f\u00fchren<\/h2>\n<p>Oftmals wird der Begriff der Selbstf\u00fchrung mit Zeitmanagement assoziiert. Zeitmanagement ist nat\u00fcrlich ein Aspekt \u2013 aber Selbstf\u00fchrung ist mehr. Es versetzt uns in die Lage, die eigenen Ressourcen zu kennen und diese zu aktivieren. Also buchst\u00e4blich aufzustehen und auch bei R\u00fcckschl\u00e4gen die eigene Motivation nicht zu verlieren.<\/p>\n<h2>Die 7 Strategien der Selbstf\u00fchrung<\/h2>\n<p>Das Modell der Selbstf\u00fchrung unterscheidet vier wesentliche Dimensionen mit sieben Strategien, die f\u00fcr erfolgreiche Selbstf\u00fchrungskompetenz verantwortlich sind.<\/p>\n<h3>Strategie 1: Denkmuster durchbrechen und Ziele setzen<\/h3>\n<p>Ziele beinhalten, was uns pers\u00f6nlich wichtig ist. Ziele zu setzen bedeutet, innere Klarheit \u00fcber die eigenen Bed\u00fcrfnisse zu erlangen und diese bei der Auswahl der selbst gesteckten Ziele wiederum auch zu ber\u00fccksichtigen. Wer sich Ziele setzen kann, lenkt sein Handeln in strukturierte Bahnen und l\u00f6st damit die innere Bereitschaft aus, fokussiert zu bleiben und \u00fcberwindet Hindernisse auf dem Weg zur Zielerreichung. Das klingt leicht und bedeutet doch gleichzeitig, den inneren Schweinehund zu \u00fcberwinden. Sie kennen das? Wer sich Ziele setzt, die motivieren und nach dem wahren Grund f\u00fcr sein Handeln sucht, also die Frage nach dem \u201eWarum\u201c beantworten kann, wird erfolgreicher sein.<\/p>\n<h3>Strategie 2: Die eigene Willenskraft aktivieren<\/h3>\n<p>Unsere Willenskraft ist in der Lage, unsere mentalen Ressourcen zu mobilisieren. Wenn wir es schaffen, ein motivationsf\u00f6rderndes Denken zu entwickeln \u2013 und die automatisch auftretenden negativen Gedankenmuster auf dem Weg zur Zielerreichung nachhaltig zu ver\u00e4ndern \u2013 \u00fcberwinden wir innere Blockaden und \u00e4u\u00dfere Widerst\u00e4nde.<\/p>\n<h3>Strategie 3: Die eigene Motivation steuern<\/h3>\n<p>Vielfach erleben Menschen Situationen bei der Arbeit, in denen ihre Verhaltensweisen durch \u00e4u\u00dfere Faktoren, wie bspw. Belohnung oder Druck angetrieben werden. Die entscheidende Frage ist, wie entsteht Motivation und was veranlasst Mitarbeitende, ihre vollumf\u00e4ngliche Leistungsf\u00e4higkeit auch tats\u00e4chlich abzurufen? Die Forscher:innen sind sich darin einig, dass wir motiviert sind, wenn wir unseren Job m\u00f6gen und die Sinnhaftigkeit unserer T\u00e4tigkeit gegeben ist. Was k\u00f6nnen wir tun, wenn die in uns gesetzten Anforderungen nicht mit unseren eigenen Bed\u00fcrfnissen \u00fcbereinstimmen? Finden Sie einen motivierenden Aspekt Ihrer Arbeit. Die eigene Motivation zu steuern, hei\u00dft, die Quellen unsere Eigenmotivation zu kennen und die Antriebskr\u00e4fte so zu beeinflussen, dass die Belohnung in der Arbeit selbst und weniger im \u00c4u\u00dferen gesucht wird.<\/p>\n<h3>Strategie 4: Die eigenen Emotionen regulieren<\/h3>\n<p>Sie kennen das wahrscheinlich: Das Wissen, wie es sich anf\u00fchlt, wenn unser Ziel erreicht wird, verleiht uns Kraft. Unsere Emotionen sind unser wichtigster Treibstoff f\u00fcr Erfolg und Misserfolg, Freude oder Entt\u00e4uschung. Emotionen zu regulieren ist die F\u00e4higkeit, innere Blockaden durch bewusste Kontrolle und Beeinflussung von Emotionen zu \u00fcberwinden. Das funktioniert nat\u00fcrlich nicht immer wie gew\u00fcnscht. Aber lassen Sie sich die Kraft der positiven Emotionen nicht entgehen und nutzen Sie den Einfluss, bspw. Ihrer K\u00f6rperhaltung, Mimik und Gestik.<\/p>\n<h3>Strategie 5: Das eigene Umfeld gestalten<\/h3>\n<p>Erwartungsdruck und die Anforderungen, die von au\u00dfen auf eine Person einwirken, f\u00fchren oft dazu, dass sie auf Zuruf von au\u00dfen reagiert und versucht, diesen Anforderungen gerecht zu werden. Das dabei entstehende Ursache-Wirkungs-Prinzip wird selten hinterfragt und wir belassen alles lieber beim Alten, als eine Chance auf Ver\u00e4nderung bewusst zu nutzen. STOP! Entwickeln Sie Ihre F\u00e4higkeit, Dinge zu hinterfragen und Ihr pers\u00f6nliches Arbeitsumfeld selbstverantwortlich so zu gestalten, dass es besser zu Ihren eigenen Vorstellungen passt. So entfaltet sich Selbstf\u00fchrung leichter in einem Umfeld, in dem Sie individuelle Gestaltungsspielr\u00e4ume besitzen und diese entsprechend beeinflussen k\u00f6nnen.<\/p>\n<h3>Strategie 6: Das eigene Verhalten anpassen<\/h3>\n<p>Das eigene Verhalten anzupassen, erfordert eine gute Selbstbeobachtung. Verhaltensgewohnheiten zu ver\u00e4ndern, kann nur mit Disziplin und Ausdauer erreicht werden. Wir m\u00fcssen die eigene Komfortzone verlassen und aktiv werden. Manchmal ist ein Ziel nicht erreichbar, weil der altbew\u00e4hrte Weg nicht zur neuen Situation passt. Daher lohnt sich die bewusste Analyse und die Reflexion von Handlungsalternativen.<\/p>\n<h3>Strategie 7: Die eigene Energie managen<\/h3>\n<p>Diese Strategie befasst sich mit der bewussten Verbesserung der eigenen Vitalit\u00e4t und beinhaltet Achtsamkeit f\u00fcr den eigenen K\u00f6rper. Gerade in der aktuellen Zeit ist es wichtiger denn je, mit dem eigenen Energiehaushalt und dem der Mitmenschen bewusst umzugehen und Ver\u00e4nderungen positiv zu begleiten. Selbstf\u00fchrung hei\u00dft in diesem Kontext, innere Widerst\u00e4nde zu \u00fcberwinden und psychische Kr\u00e4fte zu mobilisieren. Das f\u00e4llt uns leichter, wenn wir im Rahmen der eigenen M\u00f6glichkeiten k\u00f6rperlich fit und leistungsf\u00e4hig sind. Der vom r\u00f6mischen Dichter Juvenal (60-140 n.Chr.) vor fast 2000 Jahren get\u00e4tigte Spruch &#8222;Mens sana in corpore sano&#8220; (\u201eIn einem gesunden K\u00f6rper wohnt doch ein gesunder Geist\u201c) enth\u00e4lt Wahrheit, wie Forscher:innen in der Verbindung aus k\u00f6rperlicher und geistiger Fitness herausgefunden haben. Routinen f\u00fcr Bewegung, Ern\u00e4hrung und Entspannung erh\u00f6hen unsere F\u00e4higkeit, k\u00f6rperliche und physiologische Ressourcen zur Steigerung unserer mentalen Leistungsf\u00e4higkeit aktiv zu nutzen.<\/p>\n<h2>Fazit<\/h2>\n<p>Selbstf\u00fchrung wird immer wichtiger und betrifft uns alle, denn jeder f\u00fchrt sich (meist unbewusst) bereits auf seine eigene Art und Weise. \u00a0Mit den \u201e<a href=\"https:\/\/www.haufe-akademie.de\/30131\">7 Strategien der Selbstf\u00fchrung<\/a>\u201c sind wir in der Lage diesen Prozess von unbewusstem und intuitivem Handeln hin zu einem bewussten und reflektierten Handeln zu f\u00fchren. Nutzen Sie Ihren inneren Kompass und finden Sie heraus, was Ihnen im Leben wirklich wichtig ist. Dies wird Ihnen helfen, die immer komplexer werdenden Anforderungen von Arbeits- und Privatleben gelassener und souver\u00e4ner zu begegnen.<\/p>\n","protected":false},"excerpt":{"rendered":"<p>Selbstf\u00fchrung \u2013 so pr\u00e4sent wie selten zuvor In den letzten Jahren haben wir gelernt, dass die Arbeitswelt von einem st\u00e4ndigen Wandel gepr\u00e4gt ist und Arbeit sich neu definieren muss. Selbstf\u00fchrung ist dabei unser innerer Erfolgskompass, mit dem wir unser Leben und unsere Arbeit navigieren. Gerade in der Zeit nach gro\u00dfen gesellschaftlichen Ver\u00e4nderungen ist Selbstf\u00fchrung so<\/p>\n<div class=\"pageReadMore\"><i class=\"fa fa-angle-right\"><\/i><a href=\"https:\/\/www.haufe-akademie.de\/blog\/themen\/persoenliche-kompetenz\/selbstfuehrung-unser-innerer-kompass-in-die-zukunft\/\" title=\"Beitrag lesen\">Beitrag lesen<\/a><\/div>\n","protected":false},"author":3,"featured_media":26992,"comment_status":"closed","ping_status":"closed","sticky":false,"template":"","format":"standard","meta":{"_acf_changed":false,"_lmt_disableupdate":"yes","_lmt_disable":"no","_jetpack_memberships_contains_paid_content":false,"footnotes":""},"categories":[79],"tags":[1141,83,843],"class_list":{"0":"post-14934","1":"post","2":"type-post","3":"status-publish","4":"format-standard","5":"has-post-thumbnail","7":"category-persoenliche-kompetenz","8":"tag-persoenlichkeitsentwicklung","9":"tag-selbstfuehrung","10":"tag-selbstmanagement"},"acf":{"p_authors":[14944]},"yoast_head":"<!-- This site is optimized with the Yoast SEO plugin v27.4 - https:\/\/yoast.com\/product\/yoast-seo-wordpress\/ -->\n<title>Selbstf\u00fchrung: Unser innerer Kompass auf dem Weg in die Zukunft<\/title>\n<meta name=\"description\" content=\"Erfahren Sie mehr \u00fcber das Modell der Selbstf\u00fchrung, welches Ihnen Strategien f\u00fcr die erfolgreiche Selbstf\u00fchrungskompetenz aufzeigt \u2713\" \/>\n<meta name=\"robots\" content=\"index, follow, max-snippet:-1, max-image-preview:large, max-video-preview:-1\" \/>\n<link rel=\"canonical\" href=\"https:\/\/www.haufe-akademie.de\/blog\/themen\/persoenliche-kompetenz\/selbstfuehrung-unser-innerer-kompass-in-die-zukunft\/\" \/>\n<meta property=\"og:locale\" content=\"de_DE\" \/>\n<meta property=\"og:type\" content=\"article\" \/>\n<meta property=\"og:title\" content=\"Selbstf\u00fchrung: Unser innerer Kompass auf dem Weg in die Zukunft\" \/>\n<meta property=\"og:description\" content=\"Erfahren Sie mehr \u00fcber das Modell der Selbstf\u00fchrung, welches Ihnen Strategien f\u00fcr die erfolgreiche Selbstf\u00fchrungskompetenz aufzeigt \u2713\" \/>\n<meta property=\"og:url\" content=\"https:\/\/www.haufe-akademie.de\/blog\/themen\/persoenliche-kompetenz\/selbstfuehrung-unser-innerer-kompass-in-die-zukunft\/\" \/>\n<meta property=\"og:site_name\" content=\"Haufe Akademie\" \/>\n<meta property=\"article:publisher\" content=\"https:\/\/www.facebook.com\/HaufeAkademie\" \/>\n<meta property=\"article:published_time\" content=\"2020-07-24T06:00:05+00:00\" \/>\n<meta property=\"article:modified_time\" content=\"2021-08-24T15:05:15+00:00\" \/>\n<meta property=\"og:image\" content=\"https:\/\/www.haufe-akademie.de\/blog\/wp-content\/uploads\/2020\/07\/selbstfuehrung-unser-innerer-kompass-auf-dem-weg-in-die-zukunft.jpg\" \/>\n\t<meta property=\"og:image:width\" content=\"800\" \/>\n\t<meta property=\"og:image:height\" content=\"384\" \/>\n\t<meta property=\"og:image:type\" content=\"image\/jpeg\" \/>\n<meta name=\"author\" content=\"Claudia Schnetzke\" \/>\n<meta name=\"twitter:card\" content=\"summary_large_image\" \/>\n<meta name=\"twitter:creator\" content=\"@HaufeAkademie\" \/>\n<meta name=\"twitter:site\" content=\"@HaufeAkademie\" \/>\n<meta name=\"twitter:label1\" content=\"Verfasst von\" \/>\n\t<meta name=\"twitter:data1\" content=\"Claudia Schnetzke\" \/>\n\t<meta name=\"twitter:label2\" content=\"Gesch\u00e4tzte Lesezeit\" \/>\n\t<meta name=\"twitter:data2\" content=\" Minuten\" \/>\n<!-- \/ Yoast SEO plugin. -->","yoast_head_json":{"title":"Selbstf\u00fchrung: Unser innerer Kompass auf dem Weg in die Zukunft","description":"Erfahren Sie mehr \u00fcber das Modell der Selbstf\u00fchrung, welches Ihnen Strategien f\u00fcr die erfolgreiche Selbstf\u00fchrungskompetenz aufzeigt \u2713","robots":{"index":"index","follow":"follow","max-snippet":"max-snippet:-1","max-image-preview":"max-image-preview:large","max-video-preview":"max-video-preview:-1"},"canonical":"https:\/\/www.haufe-akademie.de\/blog\/themen\/persoenliche-kompetenz\/selbstfuehrung-unser-innerer-kompass-in-die-zukunft\/","og_locale":"de_DE","og_type":"article","og_title":"Selbstf\u00fchrung: Unser innerer Kompass auf dem Weg in die Zukunft","og_description":"Erfahren Sie mehr \u00fcber das Modell der Selbstf\u00fchrung, welches Ihnen Strategien f\u00fcr die erfolgreiche Selbstf\u00fchrungskompetenz aufzeigt \u2713","og_url":"https:\/\/www.haufe-akademie.de\/blog\/themen\/persoenliche-kompetenz\/selbstfuehrung-unser-innerer-kompass-in-die-zukunft\/","og_site_name":"Haufe Akademie","article_publisher":"https:\/\/www.facebook.com\/HaufeAkademie","article_published_time":"2020-07-24T06:00:05+00:00","article_modified_time":"2021-08-24T15:05:15+00:00","og_image":[{"width":800,"height":384,"url":"https:\/\/www.haufe-akademie.de\/blog\/wp-content\/uploads\/2020\/07\/selbstfuehrung-unser-innerer-kompass-auf-dem-weg-in-die-zukunft.jpg","type":"image\/jpeg"}],"author":"Claudia Schnetzke","twitter_card":"summary_large_image","twitter_creator":"@HaufeAkademie","twitter_site":"@HaufeAkademie","twitter_misc":{"Verfasst von":"Claudia Schnetzke","Gesch\u00e4tzte Lesezeit":" Minuten"},"schema":{"@context":"https:\/\/schema.org","@graph":[{"@type":"Article","@id":"https:\/\/www.haufe-akademie.de\/blog\/themen\/persoenliche-kompetenz\/selbstfuehrung-unser-innerer-kompass-in-die-zukunft\/#article","isPartOf":{"@id":"https:\/\/www.haufe-akademie.de\/blog\/themen\/persoenliche-kompetenz\/selbstfuehrung-unser-innerer-kompass-in-die-zukunft\/"},"author":{"name":"Blog Team","@id":"https:\/\/www.haufe-akademie.de\/blog\/#\/schema\/person\/88b50e9cc362db610ee4255c2b282434"},"headline":"Selbstf\u00fchrung: Unser innerer Kompass auf dem Weg in die Zukunft","datePublished":"2020-07-24T06:00:05+00:00","dateModified":"2021-08-24T15:05:15+00:00","mainEntityOfPage":{"@id":"https:\/\/www.haufe-akademie.de\/blog\/themen\/persoenliche-kompetenz\/selbstfuehrung-unser-innerer-kompass-in-die-zukunft\/"},"wordCount":1141,"publisher":{"@id":"https:\/\/www.haufe-akademie.de\/blog\/#organization"},"image":{"@id":"https:\/\/www.haufe-akademie.de\/blog\/themen\/persoenliche-kompetenz\/selbstfuehrung-unser-innerer-kompass-in-die-zukunft\/#primaryimage"},"thumbnailUrl":"https:\/\/www.haufe-akademie.de\/blog\/wp-content\/uploads\/2020\/07\/selbstfuehrung-unser-innerer-kompass-auf-dem-weg-in-die-zukunft.jpg","keywords":["Pers\u00f6nlichkeitsentwicklung","Selbstf\u00fchrung","Selbstmanagement"],"articleSection":["Pers\u00f6nliche und Soziale Kompetenzen"],"inLanguage":"de-DE"},{"@type":"WebPage","@id":"https:\/\/www.haufe-akademie.de\/blog\/themen\/persoenliche-kompetenz\/selbstfuehrung-unser-innerer-kompass-in-die-zukunft\/","url":"https:\/\/www.haufe-akademie.de\/blog\/themen\/persoenliche-kompetenz\/selbstfuehrung-unser-innerer-kompass-in-die-zukunft\/","name":"Selbstf\u00fchrung: Unser innerer Kompass auf dem Weg in die Zukunft","isPartOf":{"@id":"https:\/\/www.haufe-akademie.de\/blog\/#website"},"primaryImageOfPage":{"@id":"https:\/\/www.haufe-akademie.de\/blog\/themen\/persoenliche-kompetenz\/selbstfuehrung-unser-innerer-kompass-in-die-zukunft\/#primaryimage"},"image":{"@id":"https:\/\/www.haufe-akademie.de\/blog\/themen\/persoenliche-kompetenz\/selbstfuehrung-unser-innerer-kompass-in-die-zukunft\/#primaryimage"},"thumbnailUrl":"https:\/\/www.haufe-akademie.de\/blog\/wp-content\/uploads\/2020\/07\/selbstfuehrung-unser-innerer-kompass-auf-dem-weg-in-die-zukunft.jpg","datePublished":"2020-07-24T06:00:05+00:00","dateModified":"2021-08-24T15:05:15+00:00","description":"Erfahren Sie mehr \u00fcber das Modell der Selbstf\u00fchrung, welches Ihnen Strategien f\u00fcr die erfolgreiche Selbstf\u00fchrungskompetenz aufzeigt \u2713","breadcrumb":{"@id":"https:\/\/www.haufe-akademie.de\/blog\/themen\/persoenliche-kompetenz\/selbstfuehrung-unser-innerer-kompass-in-die-zukunft\/#breadcrumb"},"inLanguage":"de-DE","potentialAction":[{"@type":"ReadAction","target":["https:\/\/www.haufe-akademie.de\/blog\/themen\/persoenliche-kompetenz\/selbstfuehrung-unser-innerer-kompass-in-die-zukunft\/"]}]},{"@type":"ImageObject","inLanguage":"de-DE","@id":"https:\/\/www.haufe-akademie.de\/blog\/themen\/persoenliche-kompetenz\/selbstfuehrung-unser-innerer-kompass-in-die-zukunft\/#primaryimage","url":"https:\/\/www.haufe-akademie.de\/blog\/wp-content\/uploads\/2020\/07\/selbstfuehrung-unser-innerer-kompass-auf-dem-weg-in-die-zukunft.jpg","contentUrl":"https:\/\/www.haufe-akademie.de\/blog\/wp-content\/uploads\/2020\/07\/selbstfuehrung-unser-innerer-kompass-auf-dem-weg-in-die-zukunft.jpg","width":800,"height":384},{"@type":"BreadcrumbList","@id":"https:\/\/www.haufe-akademie.de\/blog\/themen\/persoenliche-kompetenz\/selbstfuehrung-unser-innerer-kompass-in-die-zukunft\/#breadcrumb","itemListElement":[{"@type":"ListItem","position":1,"name":"Home","item":"https:\/\/www.haufe-akademie.de\/blog\/"},{"@type":"ListItem","position":2,"name":"Alle Beitr\u00e4ge","item":"https:\/\/www.haufe-akademie.de\/blog\/themen\/"},{"@type":"ListItem","position":3,"name":"Pers\u00f6nliche und Soziale Kompetenzen","item":"https:\/\/www.haufe-akademie.de\/blog\/themen\/persoenliche-kompetenz\/"},{"@type":"ListItem","position":4,"name":"Selbstf\u00fchrung: Unser innerer Kompass auf dem Weg in die Zukunft"}]},{"@type":"WebSite","@id":"https:\/\/www.haufe-akademie.de\/blog\/#website","url":"https:\/\/www.haufe-akademie.de\/blog\/","name":"Haufe Akademie","description":"","publisher":{"@id":"https:\/\/www.haufe-akademie.de\/blog\/#organization"},"potentialAction":[{"@type":"SearchAction","target":{"@type":"EntryPoint","urlTemplate":"https:\/\/www.haufe-akademie.de\/blog\/?s={search_term_string}"},"query-input":{"@type":"PropertyValueSpecification","valueRequired":true,"valueName":"search_term_string"}}],"inLanguage":"de-DE"},{"@type":"Organization","@id":"https:\/\/www.haufe-akademie.de\/blog\/#organization","name":"Haufe Akademie","url":"https:\/\/www.haufe-akademie.de\/blog\/","logo":{"@type":"ImageObject","inLanguage":"de-DE","@id":"https:\/\/www.haufe-akademie.de\/blog\/#\/schema\/logo\/image\/","url":"https:\/\/www.haufe-akademie.de\/blog\/wp-content\/uploads\/2024\/06\/favicon_haufe.png","contentUrl":"https:\/\/www.haufe-akademie.de\/blog\/wp-content\/uploads\/2024\/06\/favicon_haufe.png","width":144,"height":144,"caption":"Haufe Akademie"},"image":{"@id":"https:\/\/www.haufe-akademie.de\/blog\/#\/schema\/logo\/image\/"},"sameAs":["https:\/\/www.facebook.com\/HaufeAkademie","https:\/\/x.com\/HaufeAkademie"]},{"@type":"Person","@id":"https:\/\/www.haufe-akademie.de\/blog\/#\/schema\/person\/88b50e9cc362db610ee4255c2b282434","name":"Blog Team","image":{"@type":"ImageObject","inLanguage":"de-DE","@id":"http:\/\/haufe-akademie.de\/blog\/wp-content\/uploads\/2014\/05\/Blog-Team_avatar_1401199718.jpg","url":"http:\/\/haufe-akademie.de\/blog\/wp-content\/uploads\/2014\/05\/Blog-Team_avatar_1401199718.jpg","contentUrl":"http:\/\/haufe-akademie.de\/blog\/wp-content\/uploads\/2014\/05\/Blog-Team_avatar_1401199718.jpg","caption":"Blog Team"},"description":"Blog Team der Haufe Akademie.","url":"https:\/\/www.haufe-akademie.de\/blog\/author\/blog-team\/"}]}},"modified_by":"Blog Team","jetpack_featured_media_url":"https:\/\/www.haufe-akademie.de\/blog\/wp-content\/uploads\/2020\/07\/selbstfuehrung-unser-innerer-kompass-auf-dem-weg-in-die-zukunft.jpg","jetpack_sharing_enabled":true,"amp_enabled":true,"_links":{"self":[{"href":"https:\/\/www.haufe-akademie.de\/blog\/wp-json\/wp\/v2\/posts\/14934","targetHints":{"allow":["GET"]}}],"collection":[{"href":"https:\/\/www.haufe-akademie.de\/blog\/wp-json\/wp\/v2\/posts"}],"about":[{"href":"https:\/\/www.haufe-akademie.de\/blog\/wp-json\/wp\/v2\/types\/post"}],"author":[{"embeddable":true,"href":"https:\/\/www.haufe-akademie.de\/blog\/wp-json\/wp\/v2\/users\/3"}],"replies":[{"embeddable":true,"href":"https:\/\/www.haufe-akademie.de\/blog\/wp-json\/wp\/v2\/comments?post=14934"}],"version-history":[{"count":5,"href":"https:\/\/www.haufe-akademie.de\/blog\/wp-json\/wp\/v2\/posts\/14934\/revisions"}],"predecessor-version":[{"id":42431,"href":"https:\/\/www.haufe-akademie.de\/blog\/wp-json\/wp\/v2\/posts\/14934\/revisions\/42431"}],"acf:post":[{"embeddable":true,"href":"https:\/\/www.haufe-akademie.de\/blog\/wp-json\/wp\/v2\/autoren\/14944"}],"wp:featuredmedia":[{"embeddable":true,"href":"https:\/\/www.haufe-akademie.de\/blog\/wp-json\/wp\/v2\/media\/26992"}],"wp:attachment":[{"href":"https:\/\/www.haufe-akademie.de\/blog\/wp-json\/wp\/v2\/media?parent=14934"}],"wp:term":[{"taxonomy":"category","embeddable":true,"href":"https:\/\/www.haufe-akademie.de\/blog\/wp-json\/wp\/v2\/categories?post=14934"},{"taxonomy":"post_tag","embeddable":true,"href":"https:\/\/www.haufe-akademie.de\/blog\/wp-json\/wp\/v2\/tags?post=14934"}],"curies":[{"name":"wp","href":"https:\/\/api.w.org\/{rel}","templated":true}]}}