{"id":17643,"date":"2021-12-07T13:52:18","date_gmt":"2021-12-07T12:52:18","guid":{"rendered":"https:\/\/www.haufe-akademie.de\/blog\/?p=17643"},"modified":"2025-11-04T08:58:13","modified_gmt":"2025-11-04T07:58:13","slug":"mit-selbstreflexion-den-erfolgsbooster-zuenden","status":"publish","type":"post","link":"https:\/\/www.haufe-akademie.de\/blog\/themen\/persoenliche-kompetenz\/mit-selbstreflexion-den-erfolgsbooster-zuenden\/","title":{"rendered":"Mit Selbstreflexion Potenziale entfalten"},"content":{"rendered":"<p>Wei\u00dft du, was erfolgreiche und gl\u00fcckliche Menschen gemeinsam haben? Sie kennen ihre St\u00e4rken und Vorz\u00fcge und wissen diese gekonnt einzusetzen. Durch Selbstreflexion entdecken sie ihre Kompetenzen, bauen diese aus und st\u00e4rken damit ihr Selbstbewusstsein. Das Ergebnis: mehr Zufriedenheit und eine positive Lebenseinstellung.<\/p>\n<p>Oft richten wir den Blick jedoch eher auf das, was uns (noch) fehlt, statt auf das, was wir bereits k\u00f6nnen. Kein Wunder, dass viele gar nicht genau wissen, wo ihre St\u00e4rken liegen. <strong>In diesem Beitrag zeigen wir dir, wie du deine verborgenen Potenziale erkennst und zu echten St\u00e4rken entwickelst.<\/strong><\/p>\n<h2>Selbstbild vs. Fremdbild \u2013 Hol dir die Meinung anderer ein<\/h2>\n<p>Wenn dich jemand nach den St\u00e4rken einer Freundin oder eines Freundes fragt, fallen dir sicher sofort zehn Dinge ein, oder? Genauso leicht k\u00f6nnen andere deine St\u00e4rken benennen \u2013 oft sehen sie das Au\u00dfergew\u00f6hnliche, das du f\u00fcr selbstverst\u00e4ndlich h\u00e4ltst. Frag deshalb Menschen, die dich gut kennen, wie sie dich wahrnehmen \u2013 ihre Antworten k\u00f6nnen wertvolle Impulse f\u00fcr dich sein.<\/p>\n<div class=\"seminartipp\">\r\n\t\r\n\t<div class=\"content-wrapper\">\r\n\t\t\r\n\t\t\t<div class=\"image\">\r\n\t\t\t\t<img loading=\"lazy\" decoding=\"async\" width=\"153\" height=\"143\" src=\"https:\/\/www.haufe-akademie.de\/blog\/wp-content\/uploads\/2025\/01\/seminartipp-betriebliche-altersvorsorge.jpg\" class=\"attachment-pod size-pod\" alt=\"\" srcset=\"https:\/\/www.haufe-akademie.de\/blog\/wp-content\/uploads\/2025\/01\/seminartipp-betriebliche-altersvorsorge.jpg 620w, https:\/\/www.haufe-akademie.de\/blog\/wp-content\/uploads\/2025\/01\/seminartipp-betriebliche-altersvorsorge-150x140@2x.jpg 300w, https:\/\/www.haufe-akademie.de\/blog\/wp-content\/uploads\/2025\/01\/seminartipp-betriebliche-altersvorsorge-150x140.jpg 150w, https:\/\/www.haufe-akademie.de\/blog\/wp-content\/uploads\/2025\/01\/seminartipp-betriebliche-altersvorsorge-300x281@2x.jpg 600w\" sizes=\"auto, (max-width: 153px) 100vw, 153px\" \/>\r\n\t\t\t<\/div>\r\n\t\t\r\n\t\t<div class=\"content\">\r\n\t\t\t<h2>Unsere Seminarempfehlung<\/h2>\r\n\t\t\t<p class=\"h3\">Ressourcenlandkarte: Pers\u00f6nliche St\u00e4rken entdecken und gezielt einsetzen<\/p>\r\n\t\t\t<p>In diesem Training entdeckst du, was dich antreibt, was dich stark macht und wie du auf andere wirkst. So wirst du zur bewussten Gestalter:in deiner beruflichen Entwicklung. Ein klarer Blick auf deine St\u00e4rken st\u00e4rkt deine Wirksamkeit, Motivation und Flexibilit\u00e4t \u2013 und hilft dir, Ver\u00e4nderungen souver\u00e4n zu meistern.<\/p>\n<br\/>\r\n\t\t\t<a class=\"btn\" href=\"https:\/\/www.haufe-akademie.de\/9383\" onclick=\"target_econda_article()\" data-track-style=\"clickbtn\" data-track-type=\"link\" data-track-action=\"recoprimary\" target=\"_blank\">Seminar: Ressourcenlandkarte: Pers\u00f6nliche St\u00e4rken entdecken und gezielt einsetzen<\/a>\r\n\t\t<\/div>\r\n\t<\/div>\r\n\t<div class=\"clear\"><\/div>\r\n\t\r\n<\/div><p><strong>Hier einige Tipps zur m\u00f6glichen Vorgehensweise:<\/strong><\/p>\n<ol>\n<li>Such dir mindestens f\u00fcnf Personen aus deiner Familie, deinem Freundeskreis und deinem beruflichen Umfeld heraus.<\/li>\n<li>Frag diese Personen, welche St\u00e4rken sie bei dir sehen, und lass dir dazu konkrete Beispiele oder Situationen schildern.<\/li>\n<li>Vergleiche die Antworten und achte darauf, welche Punkte sich wiederholen. So erkennst du schnell deine pers\u00f6nlichen St\u00e4rken.<\/li>\n<\/ol>\n<h2>Selbstreflexion ansto\u00dfen: Mit zwei Fragen verborgene Potenziale entdecken<\/h2>\n<p>Das Sch\u00f6ne daran, sich mit den eigenen St\u00e4rken zu besch\u00e4ftigen: Sie geben dir mehr Energie und Motivation als die Arbeit an deinen Schw\u00e4chen. Und die gute Nachricht \u2013 du tr\u00e4gst deine St\u00e4rken bereits in dir! Sie sind Teil deiner Pers\u00f6nlichkeit und begleiten dich intuitiv im Alltag.<\/p>\n<p>Das Problem: Oft erkennst du deine St\u00e4rken nicht, weil sie sich f\u00fcr dich selbstverst\u00e4ndlich anf\u00fchlen. Genau deshalb ist es wichtig, deine Selbstwahrnehmung zu sch\u00e4rfen \u2013 zum Beispiel mit zwei einfachen Fragen:<\/p>\n<ol>\n<li><strong>\u00a0Was mache ich gut?<br \/>\n<\/strong>Oft sind es genau die T\u00e4tigkeiten, \u00fcber die du kaum nachdenkst \u2013 weil sie dir im Vergleich zu anderen leichtfallen. Gerade diese Aktivit\u00e4ten verraten viel \u00fcber deine nat\u00fcrlichen St\u00e4rken. Beispiel: Angebote oder Rechnungen zu erstellen bereitet dir keine M\u00fche? Dann deutet das auf analytisches Denken hin. Du kannst dich gut in andere hineinversetzen und erkennst schnell ihre Bed\u00fcrfnisse? Dann ist Empathie wahrscheinlich eine deiner gr\u00f6\u00dften St\u00e4rken.<\/li>\n<li><strong>Was mache ich gern?<br \/>\n<\/strong>Auch die Frage, welche T\u00e4tigkeiten du gerne machst, kann dir helfen, deine St\u00e4rken zu erkennen. Denn fast allem, was dir Freude bereitet, liegen eine oder mehrere deiner pers\u00f6nlichen St\u00e4rken zugrunde. Aber Achtung: Gemeint sind zielgerichtete Aktivit\u00e4ten, echtes \u201eMachen\u201c. Dinge wie \u201eauf dem Sofa liegen, Netflix schauen und Eis essen\u201c z\u00e4hlen hier also nicht.<\/li>\n<\/ol>\n<div class=\"seminartipp\">\r\n\t\r\n\t<div class=\"content-wrapper\">\r\n\t\t\r\n\t\t\t<div class=\"image\">\r\n\t\t\t\t<img loading=\"lazy\" decoding=\"async\" width=\"153\" height=\"133\" src=\"https:\/\/www.haufe-akademie.de\/blog\/wp-content\/uploads\/2025\/11\/seminartipp-selbstreflexion.png\" class=\"attachment-pod size-pod\" alt=\"\" srcset=\"https:\/\/www.haufe-akademie.de\/blog\/wp-content\/uploads\/2025\/11\/seminartipp-selbstreflexion.png 680w, https:\/\/www.haufe-akademie.de\/blog\/wp-content\/uploads\/2025\/11\/seminartipp-selbstreflexion-150x130@2x.png 300w, https:\/\/www.haufe-akademie.de\/blog\/wp-content\/uploads\/2025\/11\/seminartipp-selbstreflexion-150x130.png 150w, https:\/\/www.haufe-akademie.de\/blog\/wp-content\/uploads\/2025\/11\/seminartipp-selbstreflexion-110x96.png 110w, https:\/\/www.haufe-akademie.de\/blog\/wp-content\/uploads\/2025\/11\/seminartipp-selbstreflexion-300x260@2x.png 600w\" sizes=\"auto, (max-width: 153px) 100vw, 153px\" \/>\r\n\t\t\t<\/div>\r\n\t\t\r\n\t\t<div class=\"content\">\r\n\t\t\t<h2>Kostenloses Magazin<\/h2>\r\n\t\t\t<p class=\"h3\">Pers\u00f6nlichkeits\u00adentwicklung<\/p>\r\n\t\t\t<p>Was ist das Geheimnis erfolgreicher Menschen? Pers\u00f6nlichkeit!<\/p>\n<p>Unsere Pers\u00f6nlichkeit ist unser Kapital und kann helfen uns im privaten und beruflichen Kontext T\u00fcren zu \u00f6ffnen. Ein starker Charakter ist die Grundlage f\u00fcr Ausstrahlung, Wirkung, \u00dcberzeugungs\u00adkraft \u2013 und damit Erfolg.<\/p>\n<p>Erfahre, wie du mit deiner eigenen Pers\u00f6nlichkeitsentwicklung starten kannst und erhalte viele wertvolle Impulse f\u00fcr deine individuelle Weiterentwicklung.<\/p>\n<br\/>\r\n\t\t\t<a class=\"btn\" href=\"https:\/\/www.haufe-akademie.de\/ressourcen\/soft-skills\/magazin-persoenlichkeitsentwicklung?chorid=90799900&em_src=int&em_cmp=wp\/pds\/psk\/90799900\/blog-pinterest&akttyp=int&med=wp&aktnr=90799900&wnr=90799900&cmp=blog-pinterest\" onclick=\"target_econda_article()\" data-track-style=\"clickbtn\" data-track-type=\"link\" data-track-action=\"recoprimary\" target=\"_blank\">Jetzt downloaden<\/a>\r\n\t\t<\/div>\r\n\t<\/div>\r\n\t<div class=\"clear\"><\/div>\r\n\t\r\n<\/div><h3>Ins Tun kommen: So werden F\u00e4higkeiten zu St\u00e4rken<\/h3>\n<p>Fokussiere dich jetzt auf die F\u00e4higkeiten und Talente, die du weiterentwickeln und zu echten St\u00e4rken machen willst. Das gelingt dir, wenn du \u2026<\/p>\n<ol>\n<li>\u2026 T\u00e4tigkeiten, die dir leichtfallen und Spa\u00df machen, noch bewusster ausf\u00fchrst.<\/li>\n<li>\u2026 Neues ausprobierst, bei dem du deine bekannten F\u00e4higkeiten einsetzen kannst.<\/li>\n<\/ol>\n<p>So lernst du, deine Qualit\u00e4ten gezielt einzusetzen und Schritt f\u00fcr Schritt zu st\u00e4rken.<\/p>\n<h3>Weitere Tipps zum Erforschen der pers\u00f6nlichen St\u00e4rken:<\/h3>\n<ul>\n<li><strong>Tagebuch f\u00fchren<\/strong><br \/>\nSchreib regelm\u00e4\u00dfig auf, was dir gut gelungen ist. Durch diese kleine Form der Selbstreflexion entdeckst du oft weitere Talente und F\u00e4higkeiten.<\/li>\n<li><strong>Kindheitserinnerungen aktivieren<\/strong><br \/>\nAls Kind hast du dich kaum um Grenzen gek\u00fcmmert \u2013 und bist deiner Intuition gefolgt. Ruf dir deine Kindheitstr\u00e4ume und Interessen ins Ged\u00e4chtnis: Sie verraten viel \u00fcber deine nat\u00fcrlichen St\u00e4rken.<\/li>\n<li><strong>Neue Aufgaben angehen<\/strong><br \/>\nTrau dich \u00f6fter an neue Projekte und Ideen heran. Je mehr du deine Komfortzone verl\u00e4sst, desto leichter entdeckst du bisher verborgene Potenziale.<\/li>\n<\/ul>\n<p>Zu guter Letzt: Niemand ist perfekt und muss alles k\u00f6nnen. Positives Denken und Nachsicht mit dir selbst sind deine besten Begleiter auf dem Weg zu mehr Selbstkenntnis.<\/p>\n<div class=\"seminartipp\">\r\n\t\r\n\t<div class=\"content-wrapper\">\r\n\t\t\r\n\t\t\t<div class=\"image\">\r\n\t\t\t\t<img loading=\"lazy\" decoding=\"async\" width=\"153\" height=\"133\" src=\"https:\/\/www.haufe-akademie.de\/blog\/wp-content\/uploads\/2022\/04\/seminartipp-allgemein-2.jpg\" class=\"attachment-pod size-pod\" alt=\"\" srcset=\"https:\/\/www.haufe-akademie.de\/blog\/wp-content\/uploads\/2022\/04\/seminartipp-allgemein-2.jpg 680w, https:\/\/www.haufe-akademie.de\/blog\/wp-content\/uploads\/2022\/04\/seminartipp-allgemein-2-150x130@2x.jpg 300w, https:\/\/www.haufe-akademie.de\/blog\/wp-content\/uploads\/2022\/04\/seminartipp-allgemein-2-150x130.jpg 150w, https:\/\/www.haufe-akademie.de\/blog\/wp-content\/uploads\/2022\/04\/seminartipp-allgemein-2-110x96.jpg 110w, https:\/\/www.haufe-akademie.de\/blog\/wp-content\/uploads\/2022\/04\/seminartipp-allgemein-2-300x260@2x.jpg 600w\" sizes=\"auto, (max-width: 153px) 100vw, 153px\" \/>\r\n\t\t\t<\/div>\r\n\t\t\r\n\t\t<div class=\"content\">\r\n\t\t\t<h2>Unsere Seminarempfehlung<\/h2>\r\n\t\t\t<p class=\"h3\">Wie wirke ich auf andere?<\/p>\r\n\t\t\t<p>Mit professionellem Video-Feedback und R\u00fcckmeldungen anderer erf\u00e4hrst du, wie du in Gespr\u00e4chen, Meetings oder Pr\u00e4sentationen auftrittst. Optimiere dein verbales und nonverbales Verhalten und erreiche die Wirkung, die du dir w\u00fcnschst.<\/p>\n<br\/>\r\n\t\t\t<a class=\"btn\" href=\"https:\/\/www.haufe-akademie.de\/7638\" onclick=\"target_econda_article()\" data-track-style=\"clickbtn\" data-track-type=\"link\" data-track-action=\"recoprimary\" target=\"_blank\">Seminar: Wie wirke ich auf andere?<\/a>\r\n\t\t<\/div>\r\n\t<\/div>\r\n\t<div class=\"clear\"><\/div>\r\n\t\r\n<\/div>","protected":false},"excerpt":{"rendered":"<p>Wei\u00dft du, was erfolgreiche und gl\u00fcckliche Menschen gemeinsam haben? Sie kennen ihre St\u00e4rken und Vorz\u00fcge und wissen diese gekonnt einzusetzen. Durch Selbstreflexion entdecken sie ihre Kompetenzen, bauen diese aus und st\u00e4rken damit ihr Selbstbewusstsein. Das Ergebnis: mehr Zufriedenheit und eine positive Lebenseinstellung. Oft richten wir den Blick jedoch eher auf das, was uns (noch) fehlt,<\/p>\n<div class=\"pageReadMore\"><i class=\"fa fa-angle-right\"><\/i><a href=\"https:\/\/www.haufe-akademie.de\/blog\/themen\/persoenliche-kompetenz\/mit-selbstreflexion-den-erfolgsbooster-zuenden\/\" title=\"Beitrag lesen\">Beitrag lesen<\/a><\/div>\n","protected":false},"author":30,"featured_media":37394,"comment_status":"closed","ping_status":"closed","sticky":false,"template":"","format":"standard","meta":{"_acf_changed":false,"_lmt_disableupdate":"no","_lmt_disable":"no","_jetpack_memberships_contains_paid_content":false,"footnotes":""},"categories":[79],"tags":[1536,21,4785,181,1822,1533,4784,1534,1535,1142,3278],"class_list":{"0":"post-17643","1":"post","2":"type-post","3":"status-publish","4":"format-standard","5":"has-post-thumbnail","7":"category-persoenliche-kompetenz","8":"tag-beruflicher-erfolg","9":"tag-erfolg","10":"tag-individuelles-coaching","11":"tag-motivation","12":"tag-motivationskompetenz","13":"tag-persoenliche-staerken","14":"tag-ressourcenlandkarte","15":"tag-selbstreflexion","16":"tag-sich-selbst-reflektieren","17":"tag-staerken","18":"tag-veraenderungskompetenz"},"acf":{"p_authors":[10167]},"yoast_head":"<!-- This site is optimized with the Yoast SEO plugin v27.4 - https:\/\/yoast.com\/product\/yoast-seo-wordpress\/ -->\n<title>Mit Selbstreflexion Potenziale entfalten<\/title>\n<meta name=\"description\" content=\"Wie Sie mit Selbstreflexion Ihre Pers\u00f6nlichkeit st\u00e4rken, erfahren Sie im Blogbeitrag, \u27a4 Hierzu bieten wir ein passendes Seminar.\u2714\" \/>\n<meta name=\"robots\" content=\"index, follow, max-snippet:-1, max-image-preview:large, max-video-preview:-1\" \/>\n<link rel=\"canonical\" href=\"https:\/\/www.haufe-akademie.de\/blog\/themen\/persoenliche-kompetenz\/mit-selbstreflexion-den-erfolgsbooster-zuenden\/\" \/>\n<meta property=\"og:locale\" content=\"de_DE\" \/>\n<meta property=\"og:type\" content=\"article\" \/>\n<meta property=\"og:title\" content=\"Mit Selbstreflexion Potenziale entfalten\" \/>\n<meta property=\"og:description\" content=\"Wie Sie mit Selbstreflexion Ihre Pers\u00f6nlichkeit st\u00e4rken, erfahren Sie im Blogbeitrag, \u27a4 Hierzu bieten wir ein passendes Seminar.\u2714\" \/>\n<meta property=\"og:url\" content=\"https:\/\/www.haufe-akademie.de\/blog\/themen\/persoenliche-kompetenz\/mit-selbstreflexion-den-erfolgsbooster-zuenden\/\" \/>\n<meta property=\"og:site_name\" content=\"Haufe Akademie\" \/>\n<meta property=\"article:publisher\" content=\"https:\/\/www.facebook.com\/HaufeAkademie\" \/>\n<meta property=\"article:published_time\" content=\"2021-12-07T12:52:18+00:00\" \/>\n<meta property=\"article:modified_time\" content=\"2025-11-04T07:58:13+00:00\" \/>\n<meta property=\"og:image\" content=\"https:\/\/www.haufe-akademie.de\/blog\/wp-content\/uploads\/2021\/12\/mit-selbstreflexion-den-erfolgsbooster-zuenden.jpg\" \/>\n\t<meta property=\"og:image:width\" content=\"800\" \/>\n\t<meta property=\"og:image:height\" content=\"384\" \/>\n\t<meta property=\"og:image:type\" content=\"image\/jpeg\" \/>\n<meta name=\"author\" content=\"Frank Schlicht\" \/>\n<meta name=\"twitter:card\" content=\"summary_large_image\" \/>\n<meta name=\"twitter:creator\" content=\"@HaufeAkademie\" \/>\n<meta name=\"twitter:site\" content=\"@HaufeAkademie\" \/>\n<meta name=\"twitter:label1\" content=\"Verfasst von\" \/>\n\t<meta name=\"twitter:data1\" content=\"Frank Schlicht\" \/>\n\t<meta name=\"twitter:label2\" content=\"Gesch\u00e4tzte Lesezeit\" \/>\n\t<meta name=\"twitter:data2\" content=\" Minuten\" \/>\n<!-- \/ Yoast SEO plugin. -->","yoast_head_json":{"title":"Mit Selbstreflexion Potenziale entfalten","description":"Wie Sie mit Selbstreflexion Ihre Pers\u00f6nlichkeit st\u00e4rken, erfahren Sie im Blogbeitrag, \u27a4 Hierzu bieten wir ein passendes Seminar.\u2714","robots":{"index":"index","follow":"follow","max-snippet":"max-snippet:-1","max-image-preview":"max-image-preview:large","max-video-preview":"max-video-preview:-1"},"canonical":"https:\/\/www.haufe-akademie.de\/blog\/themen\/persoenliche-kompetenz\/mit-selbstreflexion-den-erfolgsbooster-zuenden\/","og_locale":"de_DE","og_type":"article","og_title":"Mit Selbstreflexion Potenziale entfalten","og_description":"Wie Sie mit Selbstreflexion Ihre Pers\u00f6nlichkeit st\u00e4rken, erfahren Sie im Blogbeitrag, \u27a4 Hierzu bieten wir ein passendes Seminar.\u2714","og_url":"https:\/\/www.haufe-akademie.de\/blog\/themen\/persoenliche-kompetenz\/mit-selbstreflexion-den-erfolgsbooster-zuenden\/","og_site_name":"Haufe Akademie","article_publisher":"https:\/\/www.facebook.com\/HaufeAkademie","article_published_time":"2021-12-07T12:52:18+00:00","article_modified_time":"2025-11-04T07:58:13+00:00","og_image":[{"width":800,"height":384,"url":"https:\/\/www.haufe-akademie.de\/blog\/wp-content\/uploads\/2021\/12\/mit-selbstreflexion-den-erfolgsbooster-zuenden.jpg","type":"image\/jpeg"}],"author":"Frank Schlicht","twitter_card":"summary_large_image","twitter_creator":"@HaufeAkademie","twitter_site":"@HaufeAkademie","twitter_misc":{"Verfasst von":"Frank Schlicht","Gesch\u00e4tzte Lesezeit":" Minuten"},"schema":{"@context":"https:\/\/schema.org","@graph":[{"@type":"Article","@id":"https:\/\/www.haufe-akademie.de\/blog\/themen\/persoenliche-kompetenz\/mit-selbstreflexion-den-erfolgsbooster-zuenden\/#article","isPartOf":{"@id":"https:\/\/www.haufe-akademie.de\/blog\/themen\/persoenliche-kompetenz\/mit-selbstreflexion-den-erfolgsbooster-zuenden\/"},"author":{"name":"Angelika Joubert","@id":"https:\/\/www.haufe-akademie.de\/blog\/#\/schema\/person\/30fe9ce1c4f8c4f3f8529fe54c9add63"},"headline":"Mit Selbstreflexion Potenziale entfalten","datePublished":"2021-12-07T12:52:18+00:00","dateModified":"2025-11-04T07:58:13+00:00","mainEntityOfPage":{"@id":"https:\/\/www.haufe-akademie.de\/blog\/themen\/persoenliche-kompetenz\/mit-selbstreflexion-den-erfolgsbooster-zuenden\/"},"wordCount":691,"publisher":{"@id":"https:\/\/www.haufe-akademie.de\/blog\/#organization"},"image":{"@id":"https:\/\/www.haufe-akademie.de\/blog\/themen\/persoenliche-kompetenz\/mit-selbstreflexion-den-erfolgsbooster-zuenden\/#primaryimage"},"thumbnailUrl":"https:\/\/www.haufe-akademie.de\/blog\/wp-content\/uploads\/2021\/12\/mit-selbstreflextion-potenziale-entfalten-neu.jpg","keywords":["beruflicher Erfolg","erfolg","individuelles Coaching","Motivation","Motivationskompetenz","pers\u00f6nliche St\u00e4rken","Ressourcenlandkarte","Selbstreflexion","sich selbst reflektieren","St\u00e4rken","Ver\u00e4nderungskompetenz"],"articleSection":["Pers\u00f6nliche und Soziale Kompetenzen"],"inLanguage":"de-DE"},{"@type":"WebPage","@id":"https:\/\/www.haufe-akademie.de\/blog\/themen\/persoenliche-kompetenz\/mit-selbstreflexion-den-erfolgsbooster-zuenden\/","url":"https:\/\/www.haufe-akademie.de\/blog\/themen\/persoenliche-kompetenz\/mit-selbstreflexion-den-erfolgsbooster-zuenden\/","name":"Mit Selbstreflexion Potenziale entfalten","isPartOf":{"@id":"https:\/\/www.haufe-akademie.de\/blog\/#website"},"primaryImageOfPage":{"@id":"https:\/\/www.haufe-akademie.de\/blog\/themen\/persoenliche-kompetenz\/mit-selbstreflexion-den-erfolgsbooster-zuenden\/#primaryimage"},"image":{"@id":"https:\/\/www.haufe-akademie.de\/blog\/themen\/persoenliche-kompetenz\/mit-selbstreflexion-den-erfolgsbooster-zuenden\/#primaryimage"},"thumbnailUrl":"https:\/\/www.haufe-akademie.de\/blog\/wp-content\/uploads\/2021\/12\/mit-selbstreflextion-potenziale-entfalten-neu.jpg","datePublished":"2021-12-07T12:52:18+00:00","dateModified":"2025-11-04T07:58:13+00:00","description":"Wie Sie mit Selbstreflexion Ihre Pers\u00f6nlichkeit st\u00e4rken, erfahren Sie im Blogbeitrag, \u27a4 Hierzu bieten wir ein passendes Seminar.\u2714","breadcrumb":{"@id":"https:\/\/www.haufe-akademie.de\/blog\/themen\/persoenliche-kompetenz\/mit-selbstreflexion-den-erfolgsbooster-zuenden\/#breadcrumb"},"inLanguage":"de-DE","potentialAction":[{"@type":"ReadAction","target":["https:\/\/www.haufe-akademie.de\/blog\/themen\/persoenliche-kompetenz\/mit-selbstreflexion-den-erfolgsbooster-zuenden\/"]}]},{"@type":"ImageObject","inLanguage":"de-DE","@id":"https:\/\/www.haufe-akademie.de\/blog\/themen\/persoenliche-kompetenz\/mit-selbstreflexion-den-erfolgsbooster-zuenden\/#primaryimage","url":"https:\/\/www.haufe-akademie.de\/blog\/wp-content\/uploads\/2021\/12\/mit-selbstreflextion-potenziale-entfalten-neu.jpg","contentUrl":"https:\/\/www.haufe-akademie.de\/blog\/wp-content\/uploads\/2021\/12\/mit-selbstreflextion-potenziale-entfalten-neu.jpg","width":800,"height":384},{"@type":"BreadcrumbList","@id":"https:\/\/www.haufe-akademie.de\/blog\/themen\/persoenliche-kompetenz\/mit-selbstreflexion-den-erfolgsbooster-zuenden\/#breadcrumb","itemListElement":[{"@type":"ListItem","position":1,"name":"Home","item":"https:\/\/www.haufe-akademie.de\/blog\/"},{"@type":"ListItem","position":2,"name":"Alle Beitr\u00e4ge","item":"https:\/\/www.haufe-akademie.de\/blog\/themen\/"},{"@type":"ListItem","position":3,"name":"Pers\u00f6nliche und Soziale Kompetenzen","item":"https:\/\/www.haufe-akademie.de\/blog\/themen\/persoenliche-kompetenz\/"},{"@type":"ListItem","position":4,"name":"Mit Selbstreflexion den Erfolgsbooster z\u00fcnden"}]},{"@type":"WebSite","@id":"https:\/\/www.haufe-akademie.de\/blog\/#website","url":"https:\/\/www.haufe-akademie.de\/blog\/","name":"Haufe Akademie","description":"","publisher":{"@id":"https:\/\/www.haufe-akademie.de\/blog\/#organization"},"potentialAction":[{"@type":"SearchAction","target":{"@type":"EntryPoint","urlTemplate":"https:\/\/www.haufe-akademie.de\/blog\/?s={search_term_string}"},"query-input":{"@type":"PropertyValueSpecification","valueRequired":true,"valueName":"search_term_string"}}],"inLanguage":"de-DE"},{"@type":"Organization","@id":"https:\/\/www.haufe-akademie.de\/blog\/#organization","name":"Haufe Akademie","url":"https:\/\/www.haufe-akademie.de\/blog\/","logo":{"@type":"ImageObject","inLanguage":"de-DE","@id":"https:\/\/www.haufe-akademie.de\/blog\/#\/schema\/logo\/image\/","url":"https:\/\/www.haufe-akademie.de\/blog\/wp-content\/uploads\/2024\/06\/favicon_haufe.png","contentUrl":"https:\/\/www.haufe-akademie.de\/blog\/wp-content\/uploads\/2024\/06\/favicon_haufe.png","width":144,"height":144,"caption":"Haufe Akademie"},"image":{"@id":"https:\/\/www.haufe-akademie.de\/blog\/#\/schema\/logo\/image\/"},"sameAs":["https:\/\/www.facebook.com\/HaufeAkademie","https:\/\/x.com\/HaufeAkademie"]},{"@type":"Person","@id":"https:\/\/www.haufe-akademie.de\/blog\/#\/schema\/person\/30fe9ce1c4f8c4f3f8529fe54c9add63","name":"Angelika Joubert","image":{"@type":"ImageObject","inLanguage":"de-DE","@id":"https:\/\/secure.gravatar.com\/avatar\/ca5cde36dbd822cfde94622c5d54ebff8792edae6d9a95ed59d43c4d174d38a5?s=96&d=blank&r=g","url":"https:\/\/secure.gravatar.com\/avatar\/ca5cde36dbd822cfde94622c5d54ebff8792edae6d9a95ed59d43c4d174d38a5?s=96&d=blank&r=g","contentUrl":"https:\/\/secure.gravatar.com\/avatar\/ca5cde36dbd822cfde94622c5d54ebff8792edae6d9a95ed59d43c4d174d38a5?s=96&d=blank&r=g","caption":"Angelika Joubert"},"url":"https:\/\/www.haufe-akademie.de\/blog\/author\/angelika-joubert\/"}]}},"modified_by":"Angelika Joubert","jetpack_featured_media_url":"https:\/\/www.haufe-akademie.de\/blog\/wp-content\/uploads\/2021\/12\/mit-selbstreflextion-potenziale-entfalten-neu.jpg","jetpack_sharing_enabled":true,"amp_enabled":true,"_links":{"self":[{"href":"https:\/\/www.haufe-akademie.de\/blog\/wp-json\/wp\/v2\/posts\/17643","targetHints":{"allow":["GET"]}}],"collection":[{"href":"https:\/\/www.haufe-akademie.de\/blog\/wp-json\/wp\/v2\/posts"}],"about":[{"href":"https:\/\/www.haufe-akademie.de\/blog\/wp-json\/wp\/v2\/types\/post"}],"author":[{"embeddable":true,"href":"https:\/\/www.haufe-akademie.de\/blog\/wp-json\/wp\/v2\/users\/30"}],"replies":[{"embeddable":true,"href":"https:\/\/www.haufe-akademie.de\/blog\/wp-json\/wp\/v2\/comments?post=17643"}],"version-history":[{"count":5,"href":"https:\/\/www.haufe-akademie.de\/blog\/wp-json\/wp\/v2\/posts\/17643\/revisions"}],"predecessor-version":[{"id":44284,"href":"https:\/\/www.haufe-akademie.de\/blog\/wp-json\/wp\/v2\/posts\/17643\/revisions\/44284"}],"acf:post":[{"embeddable":true,"href":"https:\/\/www.haufe-akademie.de\/blog\/wp-json\/wp\/v2\/autoren\/10167"}],"wp:featuredmedia":[{"embeddable":true,"href":"https:\/\/www.haufe-akademie.de\/blog\/wp-json\/wp\/v2\/media\/37394"}],"wp:attachment":[{"href":"https:\/\/www.haufe-akademie.de\/blog\/wp-json\/wp\/v2\/media?parent=17643"}],"wp:term":[{"taxonomy":"category","embeddable":true,"href":"https:\/\/www.haufe-akademie.de\/blog\/wp-json\/wp\/v2\/categories?post=17643"},{"taxonomy":"post_tag","embeddable":true,"href":"https:\/\/www.haufe-akademie.de\/blog\/wp-json\/wp\/v2\/tags?post=17643"}],"curies":[{"name":"wp","href":"https:\/\/api.w.org\/{rel}","templated":true}]}}