{"id":24897,"date":"2023-12-11T08:00:55","date_gmt":"2023-12-11T07:00:55","guid":{"rendered":"https:\/\/www.haufe-akademie.de\/blog\/?p=24897"},"modified":"2023-12-04T09:09:59","modified_gmt":"2023-12-04T08:09:59","slug":"wirksamer-diskriminierungsschutz-im-unternehmen","status":"publish","type":"post","link":"https:\/\/www.haufe-akademie.de\/blog\/themen\/personalmanagement\/wirksamer-diskriminierungsschutz-im-unternehmen\/","title":{"rendered":"Wirksamer Diskriminierungsschutz im Unternehmen"},"content":{"rendered":"<p>Die Realit\u00e4t zeigt: Diskriminierung am Arbeitsplatz ist ein weit verbreitetes und dennoch h\u00e4ufig untersch\u00e4tztes Problem. Sie kann in verschiedenen Formen auftreten, sei es aufgrund des Geschlechts, der ethnischen Herkunft, des Alters oder anderer im AGG beschriebener pers\u00f6nlicher Merkmale. Solche Diskriminierungen beeintr\u00e4chtigen nicht nur das individuelle Wohlbefinden, sondern wirken sich auch negativ auf die Produktivit\u00e4t und das Arbeitsklima im Unternehmen aus.<\/p>\n<p>Doch was k\u00f6nnen Arbeitgeber dagegen tun? \u2013 Eine Menge! In diesem Blogbeitrag erfahren Sie, wie Sie mithilfe der Vorgaben des Allgemeinen Gleichbehandlungsgesetzes (AGG) einen <strong>wirksamen Diskriminierungsschutz<\/strong> in Ihrem Unternehmen aufbauen k\u00f6nnen. Wir zeigen Ihnen, wie Sie eine <strong>inklusive Unternehmenskultur<\/strong> f\u00f6rdern und ein <strong>gerechtes Arbeitsumfeld<\/strong> f\u00fcr alle Besch\u00e4ftigten gestalten.<\/p>\n<blockquote><p><strong>Faktencheck: Diskriminierung aufgrund sexueller Orientierung<\/strong><br \/>\nIn Deutschland erlebten im Jahr 2022 39 % der trans* und 38 % bzw. 37 % der inter*-Personen Diskriminierung bei der Jobsuche oder am Arbeitsplatz.<\/p>\n<p><em>Quelle: <a href=\"https:\/\/www.charta-der-vielfalt.de\/fileadmin\/user_upload\/Diversity-Tag\/2023\/Downloads\/Charta-der-Vielfalt-DDT2023-Fact-Sheet.pdf\">Charta der Vielfalt, DDT 2023 Fact Sheet<\/a><\/em><\/p><\/blockquote>\n<h2>Gleichbehandlung in der Praxis: Der Equal-Pay-Grundsatz<\/h2>\n<p>\u201eDer Kollege hat sein Gehalt eben besser verhandelt.\u201d\u00a0Gilt das? Keineswegs, denn: Nach einem Urteil des Bundesarbeitsgerichts darf eine unterschiedliche Bezahlung bei gleicher Arbeitsleistung von Frauen und M\u00e4nnern nicht damit begr\u00fcndet werden, dass der Mann oder die Frau besser beim Gehalt verhandelt hat.\u00b9 <strong>Der Equal-Pay-Grundsatz<\/strong> ist ein zentrales Element im Kampf gegen Diskriminierung am Arbeitsplatz. Es besagt, dass Frauen und M\u00e4nner, die die gleiche Arbeit verrichten und \u00fcber vergleichbare Qualifikationen verf\u00fcgen, gleich bezahlt werden m\u00fcssen. Das Ziel? Geschlechtsspezifische Lohnunterschiede beseitigen, um <strong>Chancengleichheit f\u00fcr alle Besch\u00e4ftigten<\/strong> zu gew\u00e4hrleisten.<\/p>\n<h2>Versteckte Diskriminierung: Was bedeutet mittelbare Benachteiligung?<\/h2>\n<p>Das AGG verbietet auch <strong>mittelbare Diskriminierungen<\/strong>. Diese sind oft weniger offensichtlich, k\u00f6nnen aber dennoch erhebliche Auswirkungen haben. Diese Form der Diskriminierung liegt dann vor, wenn scheinbar neutrale Regelungen oder Praktiken bestimmte Besch\u00e4ftigtengruppen tats\u00e4chlich benachteiligen.<\/p>\n<blockquote><p><strong>Beispiel<\/strong><br \/>\nEin Arbeitgeber benachteiligt seine Teilzeitbesch\u00e4ftigten gegen\u00fcber den Vollzeitmitarbeitenden, indem er den Teilzeitkr\u00e4ften bestimmte betriebliche Sonderleistungen vorenth\u00e4lt. Bei den Teilzeitbesch\u00e4ftigten des Unternehmens handelt es sich ausschlie\u00dflich um Frauen. Die Benachteiligung der Teilzeitbesch\u00e4ftigten stellt daher eine mittelbare Diskriminierung aufgrund des Geschlechts dar.<\/p><\/blockquote>\n<h2>Ausnahmen best\u00e4tigen die Regel: Wann ist eine Ungleichbehandlung gerechtfertigt?<\/h2>\n<p>Obwohl das Allgemeine Gleichbehandlungsgesetz (AGG) Diskriminierungen am Arbeitsplatz verbietet, gibt es bestimmte Situationen, in denen eine Ungleichbehandlung ausnahmsweise gerechtfertigt sein kann. Diese Ausnahmen sind jedoch eng begrenzt und m\u00fcssen bestimmte rechtliche Kriterien erf\u00fcllen. Zu den Ausnahmen z\u00e4hlen:<\/p>\n<p><strong>1. Berufliche Anforderungen (\u00a7 8 AGG)<\/strong>: Eine unterschiedliche Behandlung aufgrund eines in \u00a7 1 AGG genannten Merkmals kann gerechtfertigt sein, wenn dieses Merkmal aufgrund der Art der auszu\u00fcbenden T\u00e4tigkeit oder der Bedingungen ihrer Aus\u00fcbung eine wesentliche und entscheidende berufliche Anforderung darstellt. Dabei muss der Zweck dieser Ungleichbehandlung rechtm\u00e4\u00dfig und die Anforderung angemessen sein.<\/p>\n<p>Beispiel: Ein Urteil des Bundesarbeitsgerichts erlaubte es, die Ausschreibung einer Erzieherinnenstelle in einem M\u00e4dcheninternat auf Bewerberinnen zu beschr\u00e4nken, da die T\u00e4tigkeit Nachtdienste im Internat beinhaltete.\u00b2 Dies diente dem Schutz der Intimsph\u00e4re der M\u00e4dchen und rechtfertigte somit die Beschr\u00e4nkung auf weibliche Bewerberinnen.<\/p>\n<p><strong>2. Religionsbezogene Anforderungen (\u00a7 9 AGG)<\/strong>: Religionsgemeinschaften d\u00fcrfen bei der Auswahl der Besch\u00e4ftigten nach Religion oder Weltanschauung unterscheiden, wenn eine bestimmte Religion oder Weltanschauung unter Beachtung des Selbstverst\u00e4ndnisses der jeweiligen Religionsgemeinschaft oder Vereinigung im Hinblick auf ihr Selbstbestimmungsrecht oder nach der Art der T\u00e4tigkeit eine gerechtfertigte berufliche Anforderung darstellt.<\/p>\n<p><strong>3. Altersbezogene Anforderungen (\u00a7 10 AGG)<\/strong>: Eine unterschiedliche Behandlung wegen des Alters ist zul\u00e4ssig, wenn sie objektiv und angemessen ist und ein legitimes Ziel verfolgt.Beispiel: Der Europ\u00e4ische Gerichtshof entschied, dass die tarifvertragliche Altersgrenze von 65 Jahren f\u00fcr Piloten keine Diskriminierung wegen des Alters darstellt.\u00b3<\/p>\n<h2>AGG-Richtlinien f\u00fcr Arbeitgeber: Pflichten und Ma\u00dfnahmen<\/h2>\n<p>Das Allgemeine Gleichbehandlungsgesetz (AGG) legt klare Pflichten und Ma\u00dfnahmen f\u00fcr Arbeitgeber fest, um Diskriminierung am Arbeitsplatz zu verhindern und zu bek\u00e4mpfen.<\/p>\n<ul>\n<li><strong>(Pr\u00e4ventiv-)Ma\u00dfnahmen zum Schutz vor Diskriminierungen:<\/strong> z.B. durch Trainings oder Schulungen von Mitarbeitenden und F\u00fchrungskr\u00e4ften<\/li>\n<li>S<strong>chutzpflicht gegen\u00fcber den Besch\u00e4ftigten:<\/strong> Arbeitgeber sind verpflichtet, ihre Besch\u00e4ftigten bei der Aus\u00fcbung ihrer T\u00e4tigkeit vor Diskriminierungen durch Dritte, z. B. Kunden oder Gesch\u00e4ftspartner zu sch\u00fctzen.<\/li>\n<li><strong>Pflicht zur Verhinderung von Diskriminierung:<\/strong> Bei Verst\u00f6\u00dfen gegen das Benachteiligungsverbot, muss der Arbeitgeber die im Einzelfall geeigneten, erforderlichen und angemessenen Ma\u00dfnahmen, z. B. Abmahnung, Versetzung oder auch K\u00fcndigung ergreifen.<\/li>\n<li><strong>Hinweis- und Mitwirkungspflicht:<\/strong> Arbeitgeber m\u00fcssen ihre Besch\u00e4ftigten in geeigneter Form \u00fcber das AGG und das darin enthaltene Benachteiligungsverbot informieren und darauf hinwirken, dass Benachteiligungen unterbleiben. Dies kann durch Schulungen und Informationen im Rahmen der Aus- und Weiterbildung geschehen.<\/li>\n<li><strong>Aushangpflicht:<\/strong> Das AGG geh\u00f6rt zu den aushangpflichtigen Gesetzen. Das bedeutet, dass der Gesetzestext im Betrieb an einer f\u00fcr alle Besch\u00e4ftigten zug\u00e4nglichen Stelle ausgeh\u00e4ngt oder im betrieblichen Intranet ver\u00f6ffentlicht werden muss.<\/li>\n<li><strong>Zus\u00e4tzliche Informationen:<\/strong> Arbeitgeber m\u00fcssen ihre Besch\u00e4ftigten \u00fcber \u00a7 61b Arbeitsgerichtsgesetz informieren, der das Verfahren f\u00fcr Entsch\u00e4digungsklagen regelt. Au\u00dferdem m\u00fcssen sie die Besch\u00e4ftigten dar\u00fcber informieren, wo sie sich \u00fcber Benachteiligungen beschweren k\u00f6nnen.<\/li>\n<li><strong>Einrichtung einer Beschwerdestelle:<\/strong> Arbeitgeber sind verpflichtet, eine Beschwerdestelle im Betrieb einzurichten. Diese dient als Anlaufstelle f\u00fcr Besch\u00e4ftigte, die von Diskriminierung betroffen sind oder sich diskriminiert f\u00fchlen.<\/li>\n<li><strong>Ma\u00dfregelungsverbot beachten:<\/strong> Das sogenannte Ma\u00dfregelungsverbot besagt, dass ein Arbeitgeber eine:n Besch\u00e4ftigten nicht deshalb benachteiligen oder sanktionieren darf, weil diese:r von seinen:ihren Rechten nach dem AGG Gebrauch gemacht hat.<\/li>\n<\/ul>\n<div class=\"seminartipp\">\r\n\t\r\n\t<div class=\"content-wrapper\">\r\n\t\t\r\n\t\t\t<div class=\"image\">\r\n\t\t\t\t<img loading=\"lazy\" decoding=\"async\" width=\"153\" height=\"143\" src=\"https:\/\/www.haufe-akademie.de\/blog\/wp-content\/uploads\/2023\/08\/seminartipp-man-frau-laptop-hand.jpg\" class=\"attachment-pod size-pod\" alt=\"\" srcset=\"https:\/\/www.haufe-akademie.de\/blog\/wp-content\/uploads\/2023\/08\/seminartipp-man-frau-laptop-hand.jpg 620w, https:\/\/www.haufe-akademie.de\/blog\/wp-content\/uploads\/2023\/08\/seminartipp-man-frau-laptop-hand-150x140@2x.jpg 300w, https:\/\/www.haufe-akademie.de\/blog\/wp-content\/uploads\/2023\/08\/seminartipp-man-frau-laptop-hand-150x140.jpg 150w, https:\/\/www.haufe-akademie.de\/blog\/wp-content\/uploads\/2023\/08\/seminartipp-man-frau-laptop-hand-300x281@2x.jpg 600w\" sizes=\"auto, (max-width: 153px) 100vw, 153px\" \/>\r\n\t\t\t<\/div>\r\n\t\t\r\n\t\t<div class=\"content\">\r\n\t\t\t<h2>Tagungen f\u00fcr Personalmanagement<\/h2>\r\n\t\t\t\r\n\t\t\t<p>Sie sind Personaler:in oder verantwortlich im Bereich HR-Management und m\u00f6chten mehr dar\u00fcber erfahren, wie Sie ein diskriminierungsfreies Bewerbungsverfahren in Ihrem Unternehmen etablieren k\u00f6nnen? Dann laden wir Sie herzlich zu den Tagungen f\u00fcr Personalmanagement ein, wo Sie von Expert:innen praxisnahe Tipps und aktuelle Best Practices erhalten.<\/p>\n<br\/>\r\n\t\t\t<a class=\"btn\" href=\"https:\/\/www.haufe-akademie.de\/tagungen-personal \" onclick=\"target_econda_article()\" data-track-style=\"clickbtn\" data-track-type=\"link\" data-track-action=\"recoprimary\" target=\"_blank\">Zu unseren Tagungen im Bereich Personalmanagement<\/a>\r\n\t\t<\/div>\r\n\t<\/div>\r\n\t<div class=\"clear\"><\/div>\r\n\t\r\n<\/div><hr \/>\n<p>\u00b9 BAG, Urteil vom 16.02.2023, Az. 8 AZR 450\/21.<br \/>\n\u00b2 BAG, Urteil vom 28.05.2009, Az. 8 AZR 536\/08.<br \/>\n\u00b3 EuGH, Urteil vom 05.07.2017, Az. C-190\/16.<\/p>\n","protected":false},"excerpt":{"rendered":"<p>Die Realit\u00e4t zeigt: Diskriminierung am Arbeitsplatz ist ein weit verbreitetes und dennoch h\u00e4ufig untersch\u00e4tztes Problem. Sie kann in verschiedenen Formen auftreten, sei es aufgrund des Geschlechts, der ethnischen Herkunft, des Alters oder anderer im AGG beschriebener pers\u00f6nlicher Merkmale. Solche Diskriminierungen beeintr\u00e4chtigen nicht nur das individuelle Wohlbefinden, sondern wirken sich auch negativ auf die Produktivit\u00e4t und<\/p>\n<div class=\"pageReadMore\"><i class=\"fa fa-angle-right\"><\/i><a href=\"https:\/\/www.haufe-akademie.de\/blog\/themen\/personalmanagement\/wirksamer-diskriminierungsschutz-im-unternehmen\/\" title=\"Beitrag lesen\">Beitrag lesen<\/a><\/div>\n","protected":false},"author":30,"featured_media":24900,"comment_status":"closed","ping_status":"closed","sticky":false,"template":"","format":"standard","meta":{"_acf_changed":false,"_lmt_disableupdate":"","_lmt_disable":"no","_jetpack_memberships_contains_paid_content":false,"footnotes":""},"categories":[59],"tags":[3889,4572,705,4573,4576,2836,3438,4577,3866,4575,4578,2650],"class_list":{"0":"post-24897","1":"post","2":"type-post","3":"status-publish","4":"format-standard","5":"has-post-thumbnail","7":"category-personalmanagement","8":"tag-agg","9":"tag-arbeitgeberpflichten","10":"tag-arbeitsverhaeltnis","11":"tag-benachteiligung","12":"tag-beschwerdestelle","13":"tag-chancengleichheit","14":"tag-diskriminierung","15":"tag-diskriminierungsschutz","16":"tag-ethnische-herkunft","17":"tag-fair","18":"tag-gerechtes-arbeitsumfeld","19":"tag-gleichbehandlung"},"acf":{"p_authors":[5612]},"yoast_head":"<!-- This site is optimized with the Yoast SEO plugin v27.4 - https:\/\/yoast.com\/product\/yoast-seo-wordpress\/ -->\n<title>Effektiver Diskriminierungsschutz im Unternehmen | Haufe-Akademie<\/title>\n<meta name=\"description\" content=\"Wie Sie als Arbeitgeber einen wirksamen Diskriminierungsschutz im Unternehmen etablieren, erfahren Sie im Blogbeitrag. \u27a4 Jetzt lesen!\" \/>\n<meta name=\"robots\" content=\"index, follow, max-snippet:-1, max-image-preview:large, max-video-preview:-1\" \/>\n<link rel=\"canonical\" href=\"https:\/\/www.haufe-akademie.de\/blog\/themen\/personalmanagement\/wirksamer-diskriminierungsschutz-im-unternehmen\/\" \/>\n<meta property=\"og:locale\" content=\"de_DE\" \/>\n<meta property=\"og:type\" content=\"article\" \/>\n<meta property=\"og:title\" content=\"Effektiver Diskriminierungsschutz im Unternehmen | Haufe-Akademie\" \/>\n<meta property=\"og:description\" content=\"Wie Sie als Arbeitgeber einen wirksamen Diskriminierungsschutz im Unternehmen etablieren, erfahren Sie im Blogbeitrag. \u27a4 Jetzt lesen!\" \/>\n<meta property=\"og:url\" content=\"https:\/\/www.haufe-akademie.de\/blog\/themen\/personalmanagement\/wirksamer-diskriminierungsschutz-im-unternehmen\/\" \/>\n<meta property=\"og:site_name\" content=\"Haufe Akademie\" \/>\n<meta property=\"article:publisher\" content=\"https:\/\/www.facebook.com\/HaufeAkademie\" \/>\n<meta property=\"article:published_time\" content=\"2023-12-11T07:00:55+00:00\" \/>\n<meta property=\"og:image\" content=\"https:\/\/www.haufe-akademie.de\/blog\/wp-content\/uploads\/2023\/10\/wirksamer-diskriminierungsschutz-im-unternehmen.png\" \/>\n\t<meta property=\"og:image:width\" content=\"800\" \/>\n\t<meta property=\"og:image:height\" content=\"384\" \/>\n\t<meta property=\"og:image:type\" content=\"image\/png\" \/>\n<meta name=\"author\" content=\"Online-Redaktion\" \/>\n<meta name=\"twitter:card\" content=\"summary_large_image\" \/>\n<meta name=\"twitter:creator\" content=\"@HaufeAkademie\" \/>\n<meta name=\"twitter:site\" content=\"@HaufeAkademie\" \/>\n<meta name=\"twitter:label1\" content=\"Verfasst von\" \/>\n\t<meta name=\"twitter:data1\" content=\"Online-Redaktion\" \/>\n\t<meta name=\"twitter:label2\" content=\"Gesch\u00e4tzte Lesezeit\" \/>\n\t<meta name=\"twitter:data2\" content=\" Minuten\" \/>\n<!-- \/ Yoast SEO plugin. -->","yoast_head_json":{"title":"Effektiver Diskriminierungsschutz im Unternehmen | Haufe-Akademie","description":"Wie Sie als Arbeitgeber einen wirksamen Diskriminierungsschutz im Unternehmen etablieren, erfahren Sie im Blogbeitrag. \u27a4 Jetzt lesen!","robots":{"index":"index","follow":"follow","max-snippet":"max-snippet:-1","max-image-preview":"max-image-preview:large","max-video-preview":"max-video-preview:-1"},"canonical":"https:\/\/www.haufe-akademie.de\/blog\/themen\/personalmanagement\/wirksamer-diskriminierungsschutz-im-unternehmen\/","og_locale":"de_DE","og_type":"article","og_title":"Effektiver Diskriminierungsschutz im Unternehmen | Haufe-Akademie","og_description":"Wie Sie als Arbeitgeber einen wirksamen Diskriminierungsschutz im Unternehmen etablieren, erfahren Sie im Blogbeitrag. \u27a4 Jetzt lesen!","og_url":"https:\/\/www.haufe-akademie.de\/blog\/themen\/personalmanagement\/wirksamer-diskriminierungsschutz-im-unternehmen\/","og_site_name":"Haufe Akademie","article_publisher":"https:\/\/www.facebook.com\/HaufeAkademie","article_published_time":"2023-12-11T07:00:55+00:00","og_image":[{"width":800,"height":384,"url":"https:\/\/www.haufe-akademie.de\/blog\/wp-content\/uploads\/2023\/10\/wirksamer-diskriminierungsschutz-im-unternehmen.png","type":"image\/png"}],"author":"Online-Redaktion","twitter_card":"summary_large_image","twitter_creator":"@HaufeAkademie","twitter_site":"@HaufeAkademie","twitter_misc":{"Verfasst von":"Online-Redaktion","Gesch\u00e4tzte Lesezeit":" Minuten"},"schema":{"@context":"https:\/\/schema.org","@graph":[{"@type":"Article","@id":"https:\/\/www.haufe-akademie.de\/blog\/themen\/personalmanagement\/wirksamer-diskriminierungsschutz-im-unternehmen\/#article","isPartOf":{"@id":"https:\/\/www.haufe-akademie.de\/blog\/themen\/personalmanagement\/wirksamer-diskriminierungsschutz-im-unternehmen\/"},"author":{"name":"Angelika Joubert","@id":"https:\/\/www.haufe-akademie.de\/blog\/#\/schema\/person\/30fe9ce1c4f8c4f3f8529fe54c9add63"},"headline":"Wirksamer Diskriminierungsschutz im Unternehmen","datePublished":"2023-12-11T07:00:55+00:00","mainEntityOfPage":{"@id":"https:\/\/www.haufe-akademie.de\/blog\/themen\/personalmanagement\/wirksamer-diskriminierungsschutz-im-unternehmen\/"},"wordCount":904,"publisher":{"@id":"https:\/\/www.haufe-akademie.de\/blog\/#organization"},"image":{"@id":"https:\/\/www.haufe-akademie.de\/blog\/themen\/personalmanagement\/wirksamer-diskriminierungsschutz-im-unternehmen\/#primaryimage"},"thumbnailUrl":"https:\/\/www.haufe-akademie.de\/blog\/wp-content\/uploads\/2023\/10\/wirksamer-diskriminierungsschutz-im-unternehmen.png","keywords":["AGG","arbeitgeberpflichten","Arbeitsverh\u00e4ltnis","benachteiligung","Beschwerdestelle","Chancengleichheit","Diskriminierung","diskriminierungsschutz","Ethnische Herkunft","fair","gerechtes arbeitsumfeld","Gleichbehandlung"],"articleSection":["Personalmanagement"],"inLanguage":"de-DE"},{"@type":"WebPage","@id":"https:\/\/www.haufe-akademie.de\/blog\/themen\/personalmanagement\/wirksamer-diskriminierungsschutz-im-unternehmen\/","url":"https:\/\/www.haufe-akademie.de\/blog\/themen\/personalmanagement\/wirksamer-diskriminierungsschutz-im-unternehmen\/","name":"Effektiver Diskriminierungsschutz im Unternehmen | Haufe-Akademie","isPartOf":{"@id":"https:\/\/www.haufe-akademie.de\/blog\/#website"},"primaryImageOfPage":{"@id":"https:\/\/www.haufe-akademie.de\/blog\/themen\/personalmanagement\/wirksamer-diskriminierungsschutz-im-unternehmen\/#primaryimage"},"image":{"@id":"https:\/\/www.haufe-akademie.de\/blog\/themen\/personalmanagement\/wirksamer-diskriminierungsschutz-im-unternehmen\/#primaryimage"},"thumbnailUrl":"https:\/\/www.haufe-akademie.de\/blog\/wp-content\/uploads\/2023\/10\/wirksamer-diskriminierungsschutz-im-unternehmen.png","datePublished":"2023-12-11T07:00:55+00:00","description":"Wie Sie als Arbeitgeber einen wirksamen Diskriminierungsschutz im Unternehmen etablieren, erfahren Sie im Blogbeitrag. \u27a4 Jetzt lesen!","breadcrumb":{"@id":"https:\/\/www.haufe-akademie.de\/blog\/themen\/personalmanagement\/wirksamer-diskriminierungsschutz-im-unternehmen\/#breadcrumb"},"inLanguage":"de-DE","potentialAction":[{"@type":"ReadAction","target":["https:\/\/www.haufe-akademie.de\/blog\/themen\/personalmanagement\/wirksamer-diskriminierungsschutz-im-unternehmen\/"]}]},{"@type":"ImageObject","inLanguage":"de-DE","@id":"https:\/\/www.haufe-akademie.de\/blog\/themen\/personalmanagement\/wirksamer-diskriminierungsschutz-im-unternehmen\/#primaryimage","url":"https:\/\/www.haufe-akademie.de\/blog\/wp-content\/uploads\/2023\/10\/wirksamer-diskriminierungsschutz-im-unternehmen.png","contentUrl":"https:\/\/www.haufe-akademie.de\/blog\/wp-content\/uploads\/2023\/10\/wirksamer-diskriminierungsschutz-im-unternehmen.png","width":800,"height":384},{"@type":"BreadcrumbList","@id":"https:\/\/www.haufe-akademie.de\/blog\/themen\/personalmanagement\/wirksamer-diskriminierungsschutz-im-unternehmen\/#breadcrumb","itemListElement":[{"@type":"ListItem","position":1,"name":"Home","item":"https:\/\/www.haufe-akademie.de\/blog\/"},{"@type":"ListItem","position":2,"name":"Alle Beitr\u00e4ge","item":"https:\/\/www.haufe-akademie.de\/blog\/themen\/"},{"@type":"ListItem","position":3,"name":"Personalmanagement","item":"https:\/\/www.haufe-akademie.de\/blog\/themen\/personalmanagement\/"},{"@type":"ListItem","position":4,"name":"Wirksamer Diskriminierungsschutz im Unternehmen"}]},{"@type":"WebSite","@id":"https:\/\/www.haufe-akademie.de\/blog\/#website","url":"https:\/\/www.haufe-akademie.de\/blog\/","name":"Haufe Akademie","description":"","publisher":{"@id":"https:\/\/www.haufe-akademie.de\/blog\/#organization"},"potentialAction":[{"@type":"SearchAction","target":{"@type":"EntryPoint","urlTemplate":"https:\/\/www.haufe-akademie.de\/blog\/?s={search_term_string}"},"query-input":{"@type":"PropertyValueSpecification","valueRequired":true,"valueName":"search_term_string"}}],"inLanguage":"de-DE"},{"@type":"Organization","@id":"https:\/\/www.haufe-akademie.de\/blog\/#organization","name":"Haufe Akademie","url":"https:\/\/www.haufe-akademie.de\/blog\/","logo":{"@type":"ImageObject","inLanguage":"de-DE","@id":"https:\/\/www.haufe-akademie.de\/blog\/#\/schema\/logo\/image\/","url":"https:\/\/www.haufe-akademie.de\/blog\/wp-content\/uploads\/2024\/06\/favicon_haufe.png","contentUrl":"https:\/\/www.haufe-akademie.de\/blog\/wp-content\/uploads\/2024\/06\/favicon_haufe.png","width":144,"height":144,"caption":"Haufe Akademie"},"image":{"@id":"https:\/\/www.haufe-akademie.de\/blog\/#\/schema\/logo\/image\/"},"sameAs":["https:\/\/www.facebook.com\/HaufeAkademie","https:\/\/x.com\/HaufeAkademie"]},{"@type":"Person","@id":"https:\/\/www.haufe-akademie.de\/blog\/#\/schema\/person\/30fe9ce1c4f8c4f3f8529fe54c9add63","name":"Angelika Joubert","image":{"@type":"ImageObject","inLanguage":"de-DE","@id":"https:\/\/secure.gravatar.com\/avatar\/ca5cde36dbd822cfde94622c5d54ebff8792edae6d9a95ed59d43c4d174d38a5?s=96&d=blank&r=g","url":"https:\/\/secure.gravatar.com\/avatar\/ca5cde36dbd822cfde94622c5d54ebff8792edae6d9a95ed59d43c4d174d38a5?s=96&d=blank&r=g","contentUrl":"https:\/\/secure.gravatar.com\/avatar\/ca5cde36dbd822cfde94622c5d54ebff8792edae6d9a95ed59d43c4d174d38a5?s=96&d=blank&r=g","caption":"Angelika Joubert"},"url":"https:\/\/www.haufe-akademie.de\/blog\/author\/angelika-joubert\/"}]}},"modified_by":"Angelika Joubert","jetpack_featured_media_url":"https:\/\/www.haufe-akademie.de\/blog\/wp-content\/uploads\/2023\/10\/wirksamer-diskriminierungsschutz-im-unternehmen.png","jetpack_sharing_enabled":true,"amp_enabled":true,"_links":{"self":[{"href":"https:\/\/www.haufe-akademie.de\/blog\/wp-json\/wp\/v2\/posts\/24897","targetHints":{"allow":["GET"]}}],"collection":[{"href":"https:\/\/www.haufe-akademie.de\/blog\/wp-json\/wp\/v2\/posts"}],"about":[{"href":"https:\/\/www.haufe-akademie.de\/blog\/wp-json\/wp\/v2\/types\/post"}],"author":[{"embeddable":true,"href":"https:\/\/www.haufe-akademie.de\/blog\/wp-json\/wp\/v2\/users\/30"}],"replies":[{"embeddable":true,"href":"https:\/\/www.haufe-akademie.de\/blog\/wp-json\/wp\/v2\/comments?post=24897"}],"version-history":[{"count":4,"href":"https:\/\/www.haufe-akademie.de\/blog\/wp-json\/wp\/v2\/posts\/24897\/revisions"}],"predecessor-version":[{"id":24904,"href":"https:\/\/www.haufe-akademie.de\/blog\/wp-json\/wp\/v2\/posts\/24897\/revisions\/24904"}],"acf:post":[{"embeddable":true,"href":"https:\/\/www.haufe-akademie.de\/blog\/wp-json\/wp\/v2\/autoren\/5612"}],"wp:featuredmedia":[{"embeddable":true,"href":"https:\/\/www.haufe-akademie.de\/blog\/wp-json\/wp\/v2\/media\/24900"}],"wp:attachment":[{"href":"https:\/\/www.haufe-akademie.de\/blog\/wp-json\/wp\/v2\/media?parent=24897"}],"wp:term":[{"taxonomy":"category","embeddable":true,"href":"https:\/\/www.haufe-akademie.de\/blog\/wp-json\/wp\/v2\/categories?post=24897"},{"taxonomy":"post_tag","embeddable":true,"href":"https:\/\/www.haufe-akademie.de\/blog\/wp-json\/wp\/v2\/tags?post=24897"}],"curies":[{"name":"wp","href":"https:\/\/api.w.org\/{rel}","templated":true}]}}