{"id":45035,"date":"2026-04-28T08:05:51","date_gmt":"2026-04-28T06:05:51","guid":{"rendered":"https:\/\/www.haufe-akademie.de\/blog\/?p=45035"},"modified":"2026-04-28T08:41:04","modified_gmt":"2026-04-28T06:41:04","slug":"it-fachkraeftemangel","status":"publish","type":"post","link":"https:\/\/www.haufe-akademie.de\/blog\/themen\/personalmanagement\/it-fachkraeftemangel\/","title":{"rendered":"IT-Fachkr\u00e4ftemangel bek\u00e4mpfen: Warum Weiterbildung der wichtigste Hebel ist"},"content":{"rendered":"<p>80 % der IT-Recruiter und IT-Entscheidungstr\u00e4ger berichten von einem akuten Fachkr\u00e4ftemangel \u2013 ein Drittel klagt sogar \u00fcber massive Engp\u00e4sse. Dennoch fokussieren sich viele Unternehmen weiterhin prim\u00e4r auf das <strong>externe Recruiting<\/strong>: mehr Stellenanzeigen, h\u00f6here Geh\u00e4lter, beschleunigte Prozesse.<\/p>\n<p><strong>Das Problem:<\/strong> Bei den gefragtesten Profilen stehen alle Unternehmen im selben Bieterwettbewerb \u2013 doch der Talentpool vergr\u00f6\u00dfert sich dadurch nicht. Aktuelle Branchendaten zeigen deutlich: <strong>Gezieltes Upskilling der bestehenden Belegschaft<\/strong> ist der entscheidende strategische Hebel, um kritische Rollen zu besetzen, Transformationen abzusichern und die Wettbewerbsf\u00e4higkeit langfristig zu garantieren.<\/p>\n<p>Dieser Artikel ordnet die aktuellen Zahlen ein, identifiziert die gr\u00f6\u00dften Engp\u00e4sse und liefert einen konkreten Fahrplan f\u00fcr die strategische IT-Qualifizierung.<\/p>\n<h2>IT-Fachkr\u00e4ftemangel in Zahlen: So gro\u00df ist die L\u00fccke wirklich<\/h2>\n<p><strong>80 % Betroffenheit \u2013 Jedes dritte Unternehmen sp\u00fcrt starken Druck<\/strong><\/p>\n<p>Die Datenlage ist eindeutig: 80 % der IT-Entscheider best\u00e4tigen den Mangel. Davon berichten 34 % von einem stark ausgepr\u00e4gten Mangel, w\u00e4hrend 46 % Engp\u00e4sse in spezifischen Rollen sehen. Nur noch jedes f\u00fcnfte Unternehmen (20 %) bleibt von dieser Entwicklung weitgehend verschont.<\/p>\n<p>Der Mangel ist kein Randph\u00e4nomen mehr, sondern ein strukturelles Problem im gesamten DACH-Raum. Er versch\u00e4rft sich zudem durch den technologischen Fortschritt: 80 % der Befragten geben an, dass es immer aufwendiger wird, IT-Kompetenzen aktuell zu halten. Der Bedarf w\u00e4chst also schneller als das Angebot am Markt.<\/p>\n<p><strong>Fehlende Skills kosten Produktivit\u00e4t \u2013 61 % sp\u00fcren die Folgen<\/strong><\/p>\n<p>Die Konsequenzen sind messbar: 61 % der Befragten geben an, dass fehlende IT-Kompetenzen die Produktivit\u00e4t bereits heute beeintr\u00e4chtigen.<\/p>\n<ul>\n<li><strong>Projekte verz\u00f6gern sich.<\/strong><\/li>\n<li><strong>Sicherheitsrisiken<\/strong> bleiben l\u00e4nger ungel\u00f6st.<\/li>\n<li><strong>Transformationsvorhaben stocken.<\/strong><\/li>\n<\/ul>\n<p>Wer den Fachkr\u00e4ftemangel nur als Recruiting-Problem versteht, untersch\u00e4tzt die operative Dimension: Es geht um die grundlegende <strong>Handlungsf\u00e4higkeit der IT-Organisation<\/strong>.<\/p>\n<h3>Die f\u00fcnf am schwierigsten zu besetzenden IT-Rollen<\/h3>\n<p>Besonders in den Bereichen KI, Security und Cloud ist der Engpass am gr\u00f6\u00dften. Hier ein \u00dcberblick der Rollen mit den h\u00f6chsten Besetzungsh\u00fcrden:<\/p>\n<div class=\"scroll-shadow\">\n<div class=\"scroll-shadow__content\">\n<table style=\"width: 800px; border-collapse: collapse;\">\n<tbody>\n<tr>\n<th style=\"padding: 10px; border: 1px solid #ccc; font-weight: bold;\">Rang<\/th>\n<th style=\"padding: 10px; border: 1px solid #ccc; font-weight: bold;\">IT-Rolle<\/th>\n<th style=\"padding: 10px; border: 1px solid #ccc; font-weight: bold;\">Schwierigkeit der Besetzung<\/th>\n<\/tr>\n<tr>\n<td style=\"padding: 10px; border: 1px solid #ccc;\">1<\/td>\n<td style=\"padding: 10px; border: 1px solid #ccc;\">KI &amp; Analytics Spezialist:innen<\/td>\n<td style=\"padding: 10px; border: 1px solid #ccc;\">50 %<\/td>\n<\/tr>\n<tr>\n<td style=\"padding: 10px; border: 1px solid #ccc;\">2<\/td>\n<td style=\"padding: 10px; border: 1px solid #ccc;\">IT-Security \/ Cyber Defense<\/td>\n<td style=\"padding: 10px; border: 1px solid #ccc;\">49 %<\/td>\n<\/tr>\n<tr>\n<td style=\"padding: 10px; border: 1px solid #ccc;\">3<\/td>\n<td style=\"padding: 10px; border: 1px solid #ccc;\">IT-Management \/ CIO \/ CTO<\/td>\n<td style=\"padding: 10px; border: 1px solid #ccc;\">21 %<\/td>\n<\/tr>\n<tr>\n<td style=\"padding: 10px; border: 1px solid #ccc;\">4<\/td>\n<td style=\"padding: 10px; border: 1px solid #ccc;\">Cloud Architect \/ Engineer<\/td>\n<td style=\"padding: 10px; border: 1px solid #ccc;\">20 %<\/td>\n<\/tr>\n<tr>\n<td style=\"padding: 10px; border: 1px solid #ccc;\">5<\/td>\n<td style=\"padding: 10px; border: 1px solid #ccc;\">IT-Servicemanagement (ITSM)<\/td>\n<td style=\"padding: 10px; border: 1px solid #ccc;\">19 %<\/td>\n<\/tr>\n<\/tbody>\n<\/table>\n<\/div>\n<\/div>\n<p><strong>Die Paradoxie:<\/strong> Die schwierigsten Rollen (KI und Security) sind gleichzeitig die Felder mit dem h\u00f6chsten strategischen Bedeutungszuwachs (KI: 86 %, Security: 88 %).<\/p>\n<p><strong>Das Kernproblem: Fehlende Seniors, nicht Juniors<\/strong><\/p>\n<p>Ein Blick auf die Erfahrungslevel zeigt, wo die L\u00fccke wirklich klafft. Die gr\u00f6\u00dften Schwierigkeiten bestehen bei:<\/p>\n<ul>\n<li><strong>Senior-Level (&gt; 5 Jahre Erfahrung):<\/strong> 58 %<\/li>\n<li><strong>Expert:innen \/ Spezialist:innen:<\/strong> 56 %<\/li>\n<li><strong>Junior-Level (&lt; 2 Jahre Erfahrung):<\/strong> nur 11 %<\/li>\n<\/ul>\n<p><strong>Die Erkenntnis:<\/strong> Es mangelt nicht an Einsteigern, sondern an Fachkr\u00e4ften, die komplexe Systeme beherrschen. Strategisches Upskilling muss daher darauf abzielen, vorhandene Talente auf das Senior-Level zu heben.<\/p>\n<p style=\"margin: 0in; font-family: Calibri; font-size: 11.0pt;\">\n<h3>Warum externes Recruiting allein scheitert<\/h3>\n<p><strong>Der Bieterwettbewerb um Spezialprofile<\/strong><\/p>\n<p>79 % der IT-Entscheider beobachten eine Verschiebung von generalistischen zu spezialisierten Profilen. Wenn alle Unternehmen gleichzeitig nach denselben Cloud-Architekten oder Security-Experten suchen, entstehen:<\/p>\n<ol>\n<li><strong>Explodierende Kosten<\/strong> (Gehaltsspiralen).<\/li>\n<li><strong>Lange Vakanzzeiten.<\/strong><\/li>\n<li><strong>Hohes Fehlbesetzungsrisiko.<\/strong><\/li>\n<\/ol>\n<p>Erfahrene Spezialisten sind zudem seltener wechselwillig. Externes Recruiting allein hat somit eine abnehmende Grenzwirkung.<\/p>\n<p><strong>Recruiting als Erg\u00e4nzung \u2013 nicht als Fundament<\/strong><\/p>\n<p>Zwar planen 52 % der Unternehmen weiterhin mit externen Kr\u00e4ften (z. B. Nearshoring oder Freelancer), doch das Fundament muss intern gelegt werden. Recruiting sollte die L\u00fccken f\u00fcllen, die durch internes Upskilling nicht rechtzeitig geschlossen werden k\u00f6nnen.<\/p>\n<h3>Upskilling: Der strategische Hebel Nr. 1<\/h3>\n<p>Die Zustimmungswerte f\u00fcr Weiterbildung sind rekordverd\u00e4chtig:<\/p>\n<ul>\n<li><strong>98 %<\/strong> halten gezielte Weiterbildung f\u00fcr essenziell, um Mitarbeiter f\u00fcr Spezialrollen zu bef\u00e4higen.<\/li>\n<li><strong>96 %<\/strong> sehen darin den Schl\u00fcssel zur Wettbewerbsf\u00e4higkeit.<\/li>\n<\/ul>\n<p>Weiterbildung ist kein &#8222;Nice-to-have&#8220; oder ein reiner HR-Benefit mehr. Sie ist ein <strong>strategisches Investitionsgut<\/strong>, vergleichbar mit Infrastruktur.<\/p>\n<h3>Vom Professional zum Senior: Interne Lernpfade<\/h3>\n<p>Ein gezielter Entwicklungspfad (z. B. 12\u201318 Monate) kombiniert anspruchsvolle Projekte mit Mentoring und Zertifizierungen (z. B. Azure Solutions Architect). Das Ergebnis ist eine Fachkraft mit tiefem internem Prozesswissen \u2013 ohne langwierige externe Suche.<\/p>\n<h3>Was erfolgreiche Qualifizierung ausmacht:<\/h3>\n<ul>\n<li><strong>Rollenbasiert:<\/strong> Ma\u00dfgeschneidert auf das Zielprofil.<\/li>\n<li><strong>Praxisnah:<\/strong> Direkter Bezug zu realen Unternehmensprojekten.<\/li>\n<li><strong>Zukunftsorientiert:<\/strong> Fokus auf Security, KI, Cloud und Data.<\/li>\n<li><strong>Zertifiziert:<\/strong> Nachvollziehbare Kompetenzbelege (wichtig f\u00fcr 73 % der Recruiter).<\/li>\n<\/ul>\n<h3>Der Ma\u00dfnahmenmix: Wie Unternehmen reagieren<\/h3>\n<p>Im Kampf gegen den Mangel setzen Unternehmen auf ein breites Portfolio:<\/p>\n<ol>\n<li><strong>Weiterbildung \/ Upskilling (68 %):<\/strong> Die mit Abstand wichtigste Ma\u00dfnahme.<\/li>\n<li><strong>Quereinsteiger-Programme (53 %):<\/strong> Erschlie\u00dfung neuer Potenzialgruppen.<\/li>\n<li><strong>Externes Recruiting (52 %):<\/strong> Erg\u00e4nzung durch spezialisierte Externe.<\/li>\n<li><strong>Automatisierung (43 %):<\/strong> Steigerung der Effizienz, um Kapazit\u00e4ten f\u00fcr Strategie zu schaffen.<\/li>\n<\/ol>\n<h3>Fokus auf Security und KI<\/h3>\n<p>Die Budgets flie\u00dfen dort hin, wo der Schmerz am gr\u00f6\u00dften ist: <strong>IT-Security (73 %)<\/strong> und <strong>KI (63 %)<\/strong> f\u00fchren die Priorit\u00e4tenliste an. Unternehmen investieren also genau dort, wo der Markt die h\u00f6chste Knappheit signalisiert.<\/p>\n<h2>Fahrplan: In 5 Schritten zur strategischen IT-Qualifizierung<\/h2>\n<ol>\n<li><strong>Kompetenzl\u00fccken identifizieren:<\/strong> Bestandsaufnahme der kritischen Rollen und Messung von Produktivit\u00e4tsverlusten.<\/li>\n<li><strong>Entwicklungspfade definieren:<\/strong> Rollenbasierte Lernpfade (Junior \u2192 Senior) mit klaren Zeitrahmen und Kompetenzprofilen erstellen.<\/li>\n<li><strong>Formate &amp; Zertifikate w\u00e4hlen:<\/strong> Kombination aus Training &#8222;on the job&#8220; und anerkannten Zertifizierungen (z. B. CISSP, AWS, Azure).<\/li>\n<li><strong>Quereinstieg integrieren:<\/strong> Strukturierte Programme f\u00fcr IT-affine Talente aus anderen Bereichen aufsetzen.<\/li>\n<li><strong>Messen &amp; Anpassen:<\/strong> Erfolg anhand der intern besetzten Stellen und der Projektabschlussquote kontrollieren.<\/li>\n<\/ol>\n<h2>Wer heute in Upskilling investiert, sichert die Zukunft<\/h2>\n<p>Der IT-Fachkr\u00e4ftemangel wird nicht verschwinden. Doch er ist l\u00f6sbar. Unternehmen, die jetzt in die Weiterentwicklung ihrer eigenen Belegschaft investieren, entkommen dem teuren Bieterwettbewerb am freien Markt.<\/p>\n<p><strong>Upskilling ist die einzige skalierbare Antwort auf den Mangel an Experten.<\/strong> Es schafft nicht nur die ben\u00f6tigten Kompetenzen, sondern bindet Talente durch echte Perspektiven langfristig an das Unternehmen.<\/p>\n<p style=\"margin: 0in; font-family: Calibri; font-size: 11.0pt;\">\n","protected":false},"excerpt":{"rendered":"<p>80 % der IT-Recruiter und IT-Entscheidungstr\u00e4ger berichten von einem akuten Fachkr\u00e4ftemangel \u2013 ein Drittel klagt sogar \u00fcber massive Engp\u00e4sse. Dennoch fokussieren sich viele Unternehmen weiterhin prim\u00e4r auf das externe Recruiting: mehr Stellenanzeigen, h\u00f6here Geh\u00e4lter, beschleunigte Prozesse. Das Problem: Bei den gefragtesten Profilen stehen alle Unternehmen im selben Bieterwettbewerb \u2013 doch der Talentpool vergr\u00f6\u00dfert sich dadurch<\/p>\n<div class=\"pageReadMore\"><i class=\"fa fa-angle-right\"><\/i><a href=\"https:\/\/www.haufe-akademie.de\/blog\/themen\/personalmanagement\/it-fachkraeftemangel\/\" title=\"Beitrag lesen\">Beitrag lesen<\/a><\/div>\n","protected":false},"author":30,"featured_media":45040,"comment_status":"closed","ping_status":"closed","sticky":false,"template":"","format":"standard","meta":{"_acf_changed":false,"_lmt_disableupdate":"no","_lmt_disable":"no","_jetpack_memberships_contains_paid_content":false,"footnotes":""},"categories":[59],"tags":[],"class_list":{"0":"post-45035","1":"post","2":"type-post","3":"status-publish","4":"format-standard","5":"has-post-thumbnail","7":"category-personalmanagement"},"acf":{"p_authors":[5612]},"yoast_head":"<!-- This site is optimized with the Yoast SEO plugin v27.4 - https:\/\/yoast.com\/product\/yoast-seo-wordpress\/ -->\n<title>IT-Fachkr\u00e4ftemangel: Zahlen, Ma\u00dfnahmen &amp; Upskilling<\/title>\n<meta name=\"description\" content=\"IT-Fachkr\u00e4ftemangel betrifft 80 % der Unternehmen. Warum Upskilling der wichtigste Hebel ist \u2013 und wie du Teams fit f\u00fcr die Zukunft machst.\" \/>\n<meta name=\"robots\" content=\"index, follow, max-snippet:-1, max-image-preview:large, max-video-preview:-1\" \/>\n<link rel=\"canonical\" href=\"https:\/\/www.haufe-akademie.de\/blog\/themen\/personalmanagement\/it-fachkraeftemangel\/\" \/>\n<meta property=\"og:locale\" content=\"de_DE\" \/>\n<meta property=\"og:type\" content=\"article\" \/>\n<meta property=\"og:title\" content=\"IT-Fachkr\u00e4ftemangel: Zahlen, Ma\u00dfnahmen &amp; Upskilling\" \/>\n<meta property=\"og:description\" content=\"IT-Fachkr\u00e4ftemangel betrifft 80 % der Unternehmen. Warum Upskilling der wichtigste Hebel ist \u2013 und wie du Teams fit f\u00fcr die Zukunft machst.\" \/>\n<meta property=\"og:url\" content=\"https:\/\/www.haufe-akademie.de\/blog\/themen\/personalmanagement\/it-fachkraeftemangel\/\" \/>\n<meta property=\"og:site_name\" content=\"Haufe Akademie\" \/>\n<meta property=\"article:publisher\" content=\"https:\/\/www.facebook.com\/HaufeAkademie\" \/>\n<meta property=\"article:published_time\" content=\"2026-04-28T06:05:51+00:00\" \/>\n<meta property=\"article:modified_time\" content=\"2026-04-28T06:41:04+00:00\" \/>\n<meta property=\"og:image\" content=\"https:\/\/www.haufe-akademie.de\/blog\/wp-content\/uploads\/2026\/04\/it-fachkraeftemangel.jpg\" \/>\n\t<meta property=\"og:image:width\" content=\"800\" \/>\n\t<meta property=\"og:image:height\" content=\"384\" \/>\n\t<meta property=\"og:image:type\" content=\"image\/jpeg\" \/>\n<meta name=\"author\" content=\"Online-Redaktion\" \/>\n<meta name=\"twitter:card\" content=\"summary_large_image\" \/>\n<meta name=\"twitter:creator\" content=\"@HaufeAkademie\" \/>\n<meta name=\"twitter:site\" content=\"@HaufeAkademie\" \/>\n<meta name=\"twitter:label1\" content=\"Verfasst von\" \/>\n\t<meta name=\"twitter:data1\" content=\"Online-Redaktion\" \/>\n\t<meta name=\"twitter:label2\" content=\"Gesch\u00e4tzte Lesezeit\" \/>\n\t<meta name=\"twitter:data2\" content=\" Minuten\" \/>\n<!-- \/ Yoast SEO plugin. -->","yoast_head_json":{"title":"IT-Fachkr\u00e4ftemangel: Zahlen, Ma\u00dfnahmen & Upskilling","description":"IT-Fachkr\u00e4ftemangel betrifft 80 % der Unternehmen. Warum Upskilling der wichtigste Hebel ist \u2013 und wie du Teams fit f\u00fcr die Zukunft machst.","robots":{"index":"index","follow":"follow","max-snippet":"max-snippet:-1","max-image-preview":"max-image-preview:large","max-video-preview":"max-video-preview:-1"},"canonical":"https:\/\/www.haufe-akademie.de\/blog\/themen\/personalmanagement\/it-fachkraeftemangel\/","og_locale":"de_DE","og_type":"article","og_title":"IT-Fachkr\u00e4ftemangel: Zahlen, Ma\u00dfnahmen & Upskilling","og_description":"IT-Fachkr\u00e4ftemangel betrifft 80 % der Unternehmen. Warum Upskilling der wichtigste Hebel ist \u2013 und wie du Teams fit f\u00fcr die Zukunft machst.","og_url":"https:\/\/www.haufe-akademie.de\/blog\/themen\/personalmanagement\/it-fachkraeftemangel\/","og_site_name":"Haufe Akademie","article_publisher":"https:\/\/www.facebook.com\/HaufeAkademie","article_published_time":"2026-04-28T06:05:51+00:00","article_modified_time":"2026-04-28T06:41:04+00:00","og_image":[{"width":800,"height":384,"url":"https:\/\/www.haufe-akademie.de\/blog\/wp-content\/uploads\/2026\/04\/it-fachkraeftemangel.jpg","type":"image\/jpeg"}],"author":"Online-Redaktion","twitter_card":"summary_large_image","twitter_creator":"@HaufeAkademie","twitter_site":"@HaufeAkademie","twitter_misc":{"Verfasst von":"Online-Redaktion","Gesch\u00e4tzte Lesezeit":" Minuten"},"schema":{"@context":"https:\/\/schema.org","@graph":[{"@type":"Article","@id":"https:\/\/www.haufe-akademie.de\/blog\/themen\/personalmanagement\/it-fachkraeftemangel\/#article","isPartOf":{"@id":"https:\/\/www.haufe-akademie.de\/blog\/themen\/personalmanagement\/it-fachkraeftemangel\/"},"author":{"name":"Angelika Joubert","@id":"https:\/\/www.haufe-akademie.de\/blog\/#\/schema\/person\/30fe9ce1c4f8c4f3f8529fe54c9add63"},"headline":"IT-Fachkr\u00e4ftemangel bek\u00e4mpfen: Warum Weiterbildung der wichtigste Hebel ist","datePublished":"2026-04-28T06:05:51+00:00","dateModified":"2026-04-28T06:41:04+00:00","mainEntityOfPage":{"@id":"https:\/\/www.haufe-akademie.de\/blog\/themen\/personalmanagement\/it-fachkraeftemangel\/"},"wordCount":873,"publisher":{"@id":"https:\/\/www.haufe-akademie.de\/blog\/#organization"},"image":{"@id":"https:\/\/www.haufe-akademie.de\/blog\/themen\/personalmanagement\/it-fachkraeftemangel\/#primaryimage"},"thumbnailUrl":"https:\/\/www.haufe-akademie.de\/blog\/wp-content\/uploads\/2026\/04\/it-fachkraeftemangel.jpg","articleSection":["Personalmanagement"],"inLanguage":"de-DE"},{"@type":"WebPage","@id":"https:\/\/www.haufe-akademie.de\/blog\/themen\/personalmanagement\/it-fachkraeftemangel\/","url":"https:\/\/www.haufe-akademie.de\/blog\/themen\/personalmanagement\/it-fachkraeftemangel\/","name":"IT-Fachkr\u00e4ftemangel: Zahlen, Ma\u00dfnahmen & Upskilling","isPartOf":{"@id":"https:\/\/www.haufe-akademie.de\/blog\/#website"},"primaryImageOfPage":{"@id":"https:\/\/www.haufe-akademie.de\/blog\/themen\/personalmanagement\/it-fachkraeftemangel\/#primaryimage"},"image":{"@id":"https:\/\/www.haufe-akademie.de\/blog\/themen\/personalmanagement\/it-fachkraeftemangel\/#primaryimage"},"thumbnailUrl":"https:\/\/www.haufe-akademie.de\/blog\/wp-content\/uploads\/2026\/04\/it-fachkraeftemangel.jpg","datePublished":"2026-04-28T06:05:51+00:00","dateModified":"2026-04-28T06:41:04+00:00","description":"IT-Fachkr\u00e4ftemangel betrifft 80 % der Unternehmen. Warum Upskilling der wichtigste Hebel ist \u2013 und wie du Teams fit f\u00fcr die Zukunft machst.","breadcrumb":{"@id":"https:\/\/www.haufe-akademie.de\/blog\/themen\/personalmanagement\/it-fachkraeftemangel\/#breadcrumb"},"inLanguage":"de-DE","potentialAction":[{"@type":"ReadAction","target":["https:\/\/www.haufe-akademie.de\/blog\/themen\/personalmanagement\/it-fachkraeftemangel\/"]}]},{"@type":"ImageObject","inLanguage":"de-DE","@id":"https:\/\/www.haufe-akademie.de\/blog\/themen\/personalmanagement\/it-fachkraeftemangel\/#primaryimage","url":"https:\/\/www.haufe-akademie.de\/blog\/wp-content\/uploads\/2026\/04\/it-fachkraeftemangel.jpg","contentUrl":"https:\/\/www.haufe-akademie.de\/blog\/wp-content\/uploads\/2026\/04\/it-fachkraeftemangel.jpg","width":800,"height":384},{"@type":"BreadcrumbList","@id":"https:\/\/www.haufe-akademie.de\/blog\/themen\/personalmanagement\/it-fachkraeftemangel\/#breadcrumb","itemListElement":[{"@type":"ListItem","position":1,"name":"Home","item":"https:\/\/www.haufe-akademie.de\/blog\/"},{"@type":"ListItem","position":2,"name":"Alle Beitr\u00e4ge","item":"https:\/\/www.haufe-akademie.de\/blog\/themen\/"},{"@type":"ListItem","position":3,"name":"Personalmanagement","item":"https:\/\/www.haufe-akademie.de\/blog\/themen\/personalmanagement\/"},{"@type":"ListItem","position":4,"name":"IT-Fachkr\u00e4ftemangel bek\u00e4mpfen: Warum Weiterbildung der wichtigste Hebel ist"}]},{"@type":"WebSite","@id":"https:\/\/www.haufe-akademie.de\/blog\/#website","url":"https:\/\/www.haufe-akademie.de\/blog\/","name":"Haufe Akademie","description":"","publisher":{"@id":"https:\/\/www.haufe-akademie.de\/blog\/#organization"},"potentialAction":[{"@type":"SearchAction","target":{"@type":"EntryPoint","urlTemplate":"https:\/\/www.haufe-akademie.de\/blog\/?s={search_term_string}"},"query-input":{"@type":"PropertyValueSpecification","valueRequired":true,"valueName":"search_term_string"}}],"inLanguage":"de-DE"},{"@type":"Organization","@id":"https:\/\/www.haufe-akademie.de\/blog\/#organization","name":"Haufe Akademie","url":"https:\/\/www.haufe-akademie.de\/blog\/","logo":{"@type":"ImageObject","inLanguage":"de-DE","@id":"https:\/\/www.haufe-akademie.de\/blog\/#\/schema\/logo\/image\/","url":"https:\/\/www.haufe-akademie.de\/blog\/wp-content\/uploads\/2024\/06\/favicon_haufe.png","contentUrl":"https:\/\/www.haufe-akademie.de\/blog\/wp-content\/uploads\/2024\/06\/favicon_haufe.png","width":144,"height":144,"caption":"Haufe Akademie"},"image":{"@id":"https:\/\/www.haufe-akademie.de\/blog\/#\/schema\/logo\/image\/"},"sameAs":["https:\/\/www.facebook.com\/HaufeAkademie","https:\/\/x.com\/HaufeAkademie"]},{"@type":"Person","@id":"https:\/\/www.haufe-akademie.de\/blog\/#\/schema\/person\/30fe9ce1c4f8c4f3f8529fe54c9add63","name":"Angelika Joubert","image":{"@type":"ImageObject","inLanguage":"de-DE","@id":"https:\/\/secure.gravatar.com\/avatar\/ca5cde36dbd822cfde94622c5d54ebff8792edae6d9a95ed59d43c4d174d38a5?s=96&d=blank&r=g","url":"https:\/\/secure.gravatar.com\/avatar\/ca5cde36dbd822cfde94622c5d54ebff8792edae6d9a95ed59d43c4d174d38a5?s=96&d=blank&r=g","contentUrl":"https:\/\/secure.gravatar.com\/avatar\/ca5cde36dbd822cfde94622c5d54ebff8792edae6d9a95ed59d43c4d174d38a5?s=96&d=blank&r=g","caption":"Angelika Joubert"},"url":"https:\/\/www.haufe-akademie.de\/blog\/author\/angelika-joubert\/"}]}},"modified_by":"Stephan Ruh","jetpack_featured_media_url":"https:\/\/www.haufe-akademie.de\/blog\/wp-content\/uploads\/2026\/04\/it-fachkraeftemangel.jpg","jetpack_sharing_enabled":true,"amp_enabled":true,"_links":{"self":[{"href":"https:\/\/www.haufe-akademie.de\/blog\/wp-json\/wp\/v2\/posts\/45035","targetHints":{"allow":["GET"]}}],"collection":[{"href":"https:\/\/www.haufe-akademie.de\/blog\/wp-json\/wp\/v2\/posts"}],"about":[{"href":"https:\/\/www.haufe-akademie.de\/blog\/wp-json\/wp\/v2\/types\/post"}],"author":[{"embeddable":true,"href":"https:\/\/www.haufe-akademie.de\/blog\/wp-json\/wp\/v2\/users\/30"}],"replies":[{"embeddable":true,"href":"https:\/\/www.haufe-akademie.de\/blog\/wp-json\/wp\/v2\/comments?post=45035"}],"version-history":[{"count":5,"href":"https:\/\/www.haufe-akademie.de\/blog\/wp-json\/wp\/v2\/posts\/45035\/revisions"}],"predecessor-version":[{"id":45044,"href":"https:\/\/www.haufe-akademie.de\/blog\/wp-json\/wp\/v2\/posts\/45035\/revisions\/45044"}],"acf:post":[{"embeddable":true,"href":"https:\/\/www.haufe-akademie.de\/blog\/wp-json\/wp\/v2\/autoren\/5612"}],"wp:featuredmedia":[{"embeddable":true,"href":"https:\/\/www.haufe-akademie.de\/blog\/wp-json\/wp\/v2\/media\/45040"}],"wp:attachment":[{"href":"https:\/\/www.haufe-akademie.de\/blog\/wp-json\/wp\/v2\/media?parent=45035"}],"wp:term":[{"taxonomy":"category","embeddable":true,"href":"https:\/\/www.haufe-akademie.de\/blog\/wp-json\/wp\/v2\/categories?post=45035"},{"taxonomy":"post_tag","embeddable":true,"href":"https:\/\/www.haufe-akademie.de\/blog\/wp-json\/wp\/v2\/tags?post=45035"}],"curies":[{"name":"wp","href":"https:\/\/api.w.org\/{rel}","templated":true}]}}