{"id":48587,"date":"2026-09-04T08:51:07","date_gmt":"2026-09-04T06:51:07","guid":{"rendered":"https:\/\/www.haufe-akademie.de\/blog\/?p=48587"},"modified":"2026-09-04T08:51:07","modified_gmt":"2026-09-04T06:51:07","slug":"abwesenheitsnotiz","status":"publish","type":"post","link":"https:\/\/www.haufe-akademie.de\/blog\/themen\/assistenz-und-office-management\/abwesenheitsnotiz\/","title":{"rendered":"Abwesenheitsnotiz: Vorlagen f\u00fcr Urlaub, Krankheit und mehr"},"content":{"rendered":"<p>\u201eIm Notfall w\u00e4hle 112 oder versuch\u2018 es mit Google\u201c oder \u201eMails werden nach R\u00fcckkehr chronologisch ignoriert\u201c \u2013 kreative Out-of-Office-Replies bzw. Abwesenheitsnotizen sind zum Trend geworden, doch hilfreich sind sie selten. Ebenso problematisch sind Abwesenheitsnotizen, die konkrete Krankheitsgr\u00fcnde enthalten oder keine Vertretung benennen. Was eine Abwesenheitsnotiz enthalten sollte, was nicht, wie sie technisch eingerichtet wird und wie HR und Assistenz den Prozess professionell begleiten k\u00f6nnen, erf\u00e4hrst du hier.<\/p>\n<blockquote class=\"\"><p><strong>Das Wichtigste in K\u00fcrze<\/strong><\/p>\n<ul>\n<li>Kein Abwesenheitsgrund n\u00f6tig: \u201eIch bin derzeit nicht erreichbar&#8220; reicht aus. Gesundheitsdaten, Elternzeit oder andere pers\u00f6nliche Gr\u00fcnde geh\u00f6ren nicht in eine automatische Antwort.<\/li>\n<li>Vertretung nur nennen, wenn abgestimmt: Wer eine Person als Ansprechpartner:in benennt, muss sie vorab informiert haben und sicherstellen, dass sie tats\u00e4chlich verf\u00fcgbar ist.<\/li>\n<li>Postfachzugriff, Weiterleitungsregeln und die Frage, wer was bearbeitet, m\u00fcssen vor der Abwesenheit geregelt sein \u2013 nicht erst nach der R\u00fcckkehr.<\/li>\n<\/ul>\n<\/blockquote>\n<h2>Was ist eine Abwesenheitsnotiz?<\/h2>\n<p>Eine Abwesenheitsnotiz (auch: Out-of-Office-Reply oder automatische Abwesenheitsantwort) ist eine automatisch versendete E-Mail, die Absender dar\u00fcber informiert, dass die angeschriebene Person vor\u00fcbergehend nicht erreichbar ist. Grunds\u00e4tzlich sind Arbeitnehmer:innen nicht verpflichtet, eine Abwesenheitsnotiz einzurichten. Im Urlaub oder bei Krankheit ruht die Arbeitspflicht \u2013 das schlie\u00dft die Pflicht zur E-Mail-Kontrolle oder zu automatischen Antworten ein. Ausnahmen k\u00f6nnen sich aus dem Arbeitsvertrag, einer Betriebsvereinbarung oder einer konkreten betrieblichen Notwendigkeit ergeben. Im beruflichen Alltag gilt die Abwesenheitsnotiz dennoch als professioneller Standard: Sie sch\u00fctzt vor Missverst\u00e4ndnissen, entlastet Absender und zeigt, dass intern geregelt wurde, wer zust\u00e4ndig ist.<\/p>\n<blockquote class=\"orange\">\n<h2>Das geh\u00f6rt in jede Abwesenheitsnotiz (Out-of-Office)<\/h2>\n<p>Vier Angaben machen eine Abwesenheitsnotiz funktional:<\/p>\n<ol>\n<li><strong>Zeitraum:<\/strong> Konkret, nicht vage. \u201eIch bin vom 14. bis 25. Juli abwesend und ab dem 28. Juli wieder erreichbar&#8220; ist hilfreich. \u201eIch bin im Urlaub&#8220; ist es nicht.<\/li>\n<li><strong>Vertretung:<\/strong> Name, Funktion und gesch\u00e4ftliche Kontaktdaten. Die Person sollte tats\u00e4chlich verf\u00fcgbar und vorab informiert sein.<\/li>\n<li><strong>Bearbeitungshinweis:<\/strong> Wird die E-Mail nach R\u00fcckkehr gelesen? Wird sie weitergeleitet? Falls sie weitergeleitet wird, sollte das transparent stehen, denn eingehende Nachrichten k\u00f6nnten personenbezogene Daten enthalten.<\/li>\n<li><strong>Erreichbarkeit f\u00fcr Notf\u00e4lle:<\/strong> Wer in Ausnahmef\u00e4llen \u00fcber ein Diensthandy erreichbar ist, kann das nennen. Dazu geh\u00f6rt der Hinweis, dass die genannte Telefonnummer wirklich nur f\u00fcr dringende Anliegen gilt. Private Kontaktdaten haben in einer gesch\u00e4ftlichen Abwesenheitsnotiz nichts verloren.<\/li>\n<\/ol>\n<\/blockquote>\n<h2>Was nicht in die Abwesenheitsmeldung geh\u00f6rt \u2013 DSGVO-Hinweise f\u00fcr die Praxis<\/h2>\n<p>Drei Kategorien von Informationen haben in einer Abwesenheitsnotiz nichts zu suchen:<\/p>\n<ol>\n<li><strong>Gesundheitsdaten und private Abwesenheitsgr\u00fcnde.<\/strong>\u00a0Krankheit, Klinikaufenthalt, Elternzeit, Mutterschutz. Diese pers\u00f6nlichen Informationen ben\u00f6tigt der Absender nicht, um sein Anliegen weiterzuverfolgen. Gesundheitsdaten geh\u00f6ren nach DSGVO und BDSG zur besonders sensiblen Kategorie personenbezogener Daten. Eine neutrale Formulierung, wie \u201eich bin derzeit nicht erreichbar&#8220;, ist ausreichend.<\/li>\n<li><strong>Interne Projektinformationen.<\/strong>\u00a0\u201eIch bin auf der Messe XY und pr\u00e4sentiere dort unser neues Produkt Z&#8220; klingt freundlich, tr\u00e4gt aber vertrauliche Unternehmensinformationen nach au\u00dfen. Kurz und neutral ist besser.<\/li>\n<li><strong>Personenbezogene Details \u00fcber Kolleginnen und Kollegen.<\/strong>\u00a0Wer die Vertretung nennt, nennt Namen und Kontaktdaten. Alles weitere ist \u00fcberfl\u00fcssig.<\/li>\n<\/ol>\n<h2>Abwesenheitsnotiz Vorlagen \u2013 einfach kopieren &amp; anpassen<\/h2>\n<h3><strong>Abwesenheitsnotiz Urlaub \u2013 Vorlage gesch\u00e4ftlich<\/strong><\/h3>\n<p>Vielen Dank f\u00fcr Ihre Nachricht.<\/p>\n<p>Ich bin vom <strong>[Datum]<\/strong> bis <strong>[Datum]<\/strong> im Urlaub und ab dem <strong>[Datum]<\/strong> wieder erreichbar. Ihre E-Mail wird nicht weitergeleitet.<\/p>\n<p>In dringenden Angelegenheiten wenden Sie sich bitte an <strong>[Name der Vertretung]<\/strong>, <strong>[Funktion]<\/strong>, unter <strong>[E-Mail-Adresse]<\/strong>.<\/p>\n<p>Mit freundlichen Gr\u00fc\u00dfen <strong>[Name]<\/strong><\/p>\n<h3><strong>Abwesenheitsnotiz Urlaub \u2013 Vorlage intern<\/strong><\/h3>\n<p>Ich bin vom <strong>[Datum]<\/strong> bis <strong>[Datum]<\/strong> im Urlaub und ab <strong>[Datum]<\/strong> wieder da.<\/p>\n<p>Bei Dringlichem hilft euch <strong>[Name]<\/strong> weiter \u2013 sie\/er ist informiert.<\/p>\n<p>Bis bald, <strong>[Name]<\/strong><\/p>\n<h3><strong>Out-of-Office Urlaub \u2013 englische Vorlage<\/strong><\/h3>\n<p>Thank you for your message.<\/p>\n<p>I am out of office from <strong>[date]<\/strong> to <strong>[date]<\/strong> and will return on <strong>[date]<\/strong>. Your email will not be forwarded during this time.<\/p>\n<p>For urgent matters, please contact <strong>[Name]<\/strong>, <strong>[Title]<\/strong>, at <strong>[email address]<\/strong>.<\/p>\n<p>Best regards, <strong>[Name]<\/strong><\/p>\n<h3><strong>Abwesenheitsnotiz Krankheit \u2013 neutrale Vorlage (DSGVO-konform)<\/strong><\/h3>\n<p>Vielen Dank f\u00fcr Ihre Nachricht.<\/p>\n<p>Ich bin derzeit nicht erreichbar und ab voraussichtlich <strong>[Datum]<\/strong> wieder im B\u00fcro. Bitte beachten Sie, dass sich dieser Zeitraum kurzfristig \u00e4ndern kann.<\/p>\n<p>F\u00fcr dringende Anliegen steht Ihnen <strong>[Name der Vertretung]<\/strong> unter <strong>[E-Mail-Adresse]<\/strong> zur Verf\u00fcgung.<\/p>\n<p>Mit freundlichen Gr\u00fc\u00dfen <strong>[Name]<\/strong><\/p>\n<h3><strong>Abwesenheitsnotiz Gesch\u00e4ftsreise \u2013 Vorlage<\/strong><\/h3>\n<p>Vielen Dank f\u00fcr Ihre Nachricht.<\/p>\n<p>Ich bin vom <strong>[Datum]<\/strong> bis <strong>[Datum]<\/strong> auf Gesch\u00e4ftsreise und nur eingeschr\u00e4nkt erreichbar. Ich werde Ihre Nachricht nach meiner R\u00fcckkehr am <strong>[Datum]<\/strong> beantworten.<\/p>\n<p>F\u00fcr dringende Anfragen wenden Sie sich bitte an <strong>[Name]<\/strong> unter <strong>[E-Mail-Adresse]<\/strong>.<\/p>\n<p>Mit freundlichen Gr\u00fc\u00dfen <strong>[Name]<\/strong><\/p>\n<h3><strong>Abwesenheitsnotiz Fortbildung \u2013 Vorlage<\/strong><\/h3>\n<p>Vielen Dank f\u00fcr Ihre Nachricht.<\/p>\n<p>Ich bin vom <strong>[Datum]<\/strong> bis <strong>[Datum]<\/strong> nicht im B\u00fcro und ab <strong>[Datum]<\/strong> wieder erreichbar. Ihre E-Mail wird nicht automatisch weitergeleitet.<\/p>\n<p>Bei dringenden Fragen hilft Ihnen <strong>[Name der Vertretung]<\/strong> unter <strong>[E-Mail-Adresse]<\/strong> gerne weiter.<\/p>\n<p>Mit freundlichen Gr\u00fc\u00dfen <strong>[Name]<\/strong><\/p>\n<h3><strong>Abwesenheitsnotiz Elternzeit \u2013 diskrete Vorlage<\/strong><\/h3>\n<p>Vielen Dank f\u00fcr Ihre Nachricht.<\/p>\n<p>Ich bin derzeit nicht im Unternehmen und voraussichtlich ab <strong>[Datum]<\/strong> wieder erreichbar.<\/p>\n<p>Ihr Anliegen wird von <strong>[Name der Vertretung]<\/strong>, <strong>[Funktion]<\/strong>, betreut. Sie\/Er ist unter <strong>[E-Mail-Adresse]<\/strong> erreichbar.<\/p>\n<p>Mit freundlichen Gr\u00fc\u00dfen <strong>[Name]<\/strong><\/p>\n<h3><strong>Abwesenheitsnotiz Betriebsferien \u2013 Vorlage<\/strong><\/h3>\n<p>Vielen Dank f\u00fcr Ihre Nachricht.<\/p>\n<p>Unser Unternehmen ist vom <strong>[Datum]<\/strong> bis <strong>[Datum]<\/strong> wegen Betriebsferien geschlossen. Ab dem <strong>[Datum]<\/strong> sind wir wieder wie gewohnt f\u00fcr Sie erreichbar.<\/p>\n<p>Ihre Nachricht wird nach unserer R\u00fcckkehr bearbeitet. F\u00fcr dringende Anliegen erreichen Sie uns unter <strong>[Notfallkontakt, falls vorhanden]<\/strong>.<\/p>\n<p>Mit freundlichen Gr\u00fc\u00dfen <strong>[Name \/ Unternehmensname]<\/strong><\/p>\n<h3><strong>Abwesenheitsnotiz ohne Vertretung \u2013 Vorlage<\/strong><\/h3>\n<p>Vielen Dank f\u00fcr Ihre Nachricht.<\/p>\n<p>Ich bin vom <strong>[Datum]<\/strong> bis <strong>[Datum]<\/strong> nicht erreichbar. F\u00fcr die Zeit meiner Abwesenheit steht keine Vertretung zur Verf\u00fcgung.<\/p>\n<p>Ich werde Ihre Nachricht nach meiner R\u00fcckkehr am <strong>[Datum]<\/strong> beantworten.<\/p>\n<p>Mit freundlichen Gr\u00fc\u00dfen <strong>[Name]<\/strong><\/p>\n<h2>4 h\u00e4ufige Fehler bei der Abwesenheitsnotiz und wie du sie vermeidest<\/h2>\n<ol>\n<li><strong>Kein Enddatum.<\/strong> Eine Abwesenheitsnotiz ohne konkretes R\u00fcckkehrdatum l\u00e4sst den Absender im Unklaren. Und eine Notiz, die nach der R\u00fcckkehr noch tagelang aktiv ist, wirft ein schlechtes Licht auf die interne Organisation.<\/li>\n<li><strong>Zu viel Information.<\/strong> Wer den Grund der Abwesenheit nennt, meint es oft gut. Das macht es trotzdem nicht besser \u2013 weder rechtlich noch kommunikativ.<\/li>\n<li><strong>Kein Test vor der Abwesenheit.<\/strong> Eine Testmail an die eigene Adresse kostet zwei Minuten und zeigt, ob Text, Formatierung und Funktion stimmen.<\/li>\n<li><strong>Kreativit\u00e4t auf Kosten der Klarheit.<\/strong> Witzige Formulierungen m\u00f6gen sympathisch wirken \u2013 sie l\u00f6sen aber keine Kommunikationsprobleme und k\u00f6nnen im falschen Kontext unprofessionell wirken.<\/li>\n<\/ol>\n<p style=\"margin: 0in; font-family: Calibri; font-size: 11.0pt;\">\n<h2>Checkliste Abwesenheitsnotiz: Vorbereitung &amp; Nachbereitung<\/h2>\n<h3><strong>Checkliste vor der Abwesenheit<\/strong><\/h3>\n<p>\u2610 Abwesenheitszeitraum mit konkretem R\u00fcckkehrdatum festgelegt<\/p>\n<p>\u2610 Vertretung benannt und vorab informiert<\/p>\n<p>\u2610 Vertretungstext auf datenschutzkritische Angaben gepr\u00fcft<\/p>\n<p>(kein Krankheitsgrund, kein Hinweis auf Elternzeit \/ Mutterschutz)<\/p>\n<p>\u2610 Interne und externe Version des Textes erstellt (Outlook \/ M365)<\/p>\n<p>\u2610 Postfachweiterleitung oder Zugriffsregelung intern gekl\u00e4rt<\/p>\n<p>\u2610 Kalendereintr\u00e4ge aktualisiert<\/p>\n<p>\u2610 Testmail gesendet und Funktion best\u00e4tigt<\/p>\n<h3><strong>Checkliste nach der R\u00fcckkehr<\/strong><\/h3>\n<p>\u2610 Abwesenheitsnotiz deaktiviert<\/p>\n<p>\u2610 Postfach gesichtet oder \u00fcbergeben<\/p>\n<p>\u2610 Vertretung \u00fcber R\u00fcckkehr informiert<\/p>\n<p>\u2610 Kurzgespr\u00e4ch zum Wiedereinstieg gef\u00fchrt (bei l\u00e4ngeren Abwesenheiten)<\/p>\n<h2>FAQ: H\u00e4ufige Fragen zur Abwesenheitsnotiz<\/h2>\n<h3>Muss ich als Arbeitnehmer eine Abwesenheitsnotiz einrichten?<\/h3>\n<p>Eine gesetzliche Pflicht dazu gibt es nicht. Arbeitgeber sind aber verpflichtet, die gesch\u00e4ftliche Kommunikation w\u00e4hrend Abwesenheiten organisatorisch sicherzustellen \u2013 durch Vertretungsregelungen, Postfachweiterleitungen oder andere Ma\u00dfnahmen. Die Abwesenheitsnotiz ist ein geeignetes Mittel daf\u00fcr, aber nicht das einzig m\u00f6gliche.<\/p>\n<h3>Was passiert, wenn die Vertretung Zugriff auf mein Postfach bekommt?<\/h3>\n<p>Der Zugriff auf pers\u00f6nliche E-Mail-Postf\u00e4cher durch Vertretungen muss intern geregelt, zweckgebunden und auf das notwendige Minimum beschr\u00e4nkt sein. Wo ein Betriebsrat besteht, k\u00f6nnen auch Mitbestimmungsrechte nach dem Betriebsverfassungsgesetz ber\u00fchrt sein. Ungekl\u00e4rte Zugriffsregelungen sind ein h\u00e4ufiges und vermeidbares Risiko.<\/p>\n","protected":false},"excerpt":{"rendered":"<p>\u201eIm Notfall w\u00e4hle 112 oder versuch\u2018 es mit Google\u201c oder \u201eMails werden nach R\u00fcckkehr chronologisch ignoriert\u201c \u2013 kreative Out-of-Office-Replies bzw. Abwesenheitsnotizen sind zum Trend geworden, doch hilfreich sind sie selten. Ebenso problematisch sind Abwesenheitsnotizen, die konkrete Krankheitsgr\u00fcnde enthalten oder keine Vertretung benennen. Was eine Abwesenheitsnotiz enthalten sollte, was nicht, wie sie technisch eingerichtet wird und<\/p>\n<div class=\"pageReadMore\"><i class=\"fa fa-angle-right\"><\/i><a href=\"https:\/\/www.haufe-akademie.de\/blog\/themen\/assistenz-und-office-management\/abwesenheitsnotiz\/\" title=\"Beitrag lesen\">Beitrag lesen<\/a><\/div>\n","protected":false},"author":30,"featured_media":48589,"comment_status":"closed","ping_status":"closed","sticky":false,"template":"","format":"standard","meta":{"_acf_changed":false,"_lmt_disableupdate":"no","_lmt_disable":"no","_jetpack_newsletter_access":"","_jetpack_dont_email_post_to_subs":false,"_jetpack_newsletter_tier_id":0,"_jetpack_memberships_contains_paywalled_content":false,"_jetpack_memberships_contains_paid_content":false,"footnotes":""},"categories":[95],"tags":[7328,7329],"class_list":{"0":"post-48587","1":"post","2":"type-post","3":"status-publish","4":"format-standard","5":"has-post-thumbnail","7":"category-assistenz-und-office-management","8":"tag-abwesenheitsnotiz-vorlage","9":"tag-outlook-abwesenheitsnotiz-vorlage"},"acf":{"p_authors":[5612]},"yoast_head":"<!-- This site is optimized with the Yoast SEO plugin v28.3 - https:\/\/yoast.com\/product\/yoast-seo-wordpress\/ -->\n<title>Abwesenheitsnotiz richtig formulieren \u2013 Vorlagen &amp; DSGVO-Tipps<\/title>\n<meta name=\"description\" content=\"So schreibst du eine professionelle Abwesenheitsnotiz: Vorlagen f\u00fcr Urlaub, Krankheit &amp; Co. \u2013 kostenlos &amp; DSGVO-konform.\" \/>\n<meta name=\"robots\" content=\"index, follow, max-snippet:-1, max-image-preview:large, max-video-preview:-1\" \/>\n<link rel=\"canonical\" href=\"https:\/\/www.haufe-akademie.de\/blog\/themen\/assistenz-und-office-management\/abwesenheitsnotiz\/\" \/>\n<meta property=\"og:locale\" content=\"de_DE\" \/>\n<meta property=\"og:type\" content=\"article\" \/>\n<meta property=\"og:title\" content=\"Abwesenheitsnotiz richtig formulieren \u2013 Vorlagen &amp; DSGVO-Tipps\" \/>\n<meta property=\"og:description\" content=\"So schreibst du eine professionelle Abwesenheitsnotiz: Vorlagen f\u00fcr Urlaub, Krankheit &amp; Co. \u2013 kostenlos &amp; DSGVO-konform.\" \/>\n<meta property=\"og:url\" content=\"https:\/\/www.haufe-akademie.de\/blog\/themen\/assistenz-und-office-management\/abwesenheitsnotiz\/\" \/>\n<meta property=\"og:site_name\" content=\"Haufe Akademie\" \/>\n<meta property=\"article:publisher\" content=\"https:\/\/www.facebook.com\/HaufeAkademie\" \/>\n<meta property=\"article:published_time\" content=\"2026-09-04T06:51:07+00:00\" \/>\n<meta property=\"og:image\" content=\"https:\/\/www.haufe-akademie.de\/blog\/wp-content\/uploads\/2026\/08\/abwesenheitsnotiz.png\" \/>\n\t<meta property=\"og:image:width\" content=\"800\" \/>\n\t<meta property=\"og:image:height\" content=\"384\" \/>\n\t<meta property=\"og:image:type\" content=\"image\/png\" \/>\n<meta name=\"author\" content=\"Online-Redaktion\" \/>\n<meta name=\"twitter:card\" content=\"summary_large_image\" \/>\n<meta name=\"twitter:creator\" content=\"@HaufeAkademie\" \/>\n<meta name=\"twitter:site\" content=\"@HaufeAkademie\" \/>\n<meta name=\"twitter:label1\" content=\"Verfasst von\" \/>\n\t<meta name=\"twitter:data1\" content=\"Online-Redaktion\" \/>\n\t<meta name=\"twitter:label2\" content=\"Gesch\u00e4tzte Lesezeit\" \/>\n\t<meta name=\"twitter:data2\" content=\" Minuten\" \/>\n<!-- \/ Yoast SEO plugin. -->","yoast_head_json":{"title":"Abwesenheitsnotiz richtig formulieren \u2013 Vorlagen & DSGVO-Tipps","description":"So schreibst du eine professionelle Abwesenheitsnotiz: Vorlagen f\u00fcr Urlaub, Krankheit & Co. \u2013 kostenlos & DSGVO-konform.","robots":{"index":"index","follow":"follow","max-snippet":"max-snippet:-1","max-image-preview":"max-image-preview:large","max-video-preview":"max-video-preview:-1"},"canonical":"https:\/\/www.haufe-akademie.de\/blog\/themen\/assistenz-und-office-management\/abwesenheitsnotiz\/","og_locale":"de_DE","og_type":"article","og_title":"Abwesenheitsnotiz richtig formulieren \u2013 Vorlagen & DSGVO-Tipps","og_description":"So schreibst du eine professionelle Abwesenheitsnotiz: Vorlagen f\u00fcr Urlaub, Krankheit & Co. \u2013 kostenlos & DSGVO-konform.","og_url":"https:\/\/www.haufe-akademie.de\/blog\/themen\/assistenz-und-office-management\/abwesenheitsnotiz\/","og_site_name":"Haufe Akademie","article_publisher":"https:\/\/www.facebook.com\/HaufeAkademie","article_published_time":"2026-09-04T06:51:07+00:00","og_image":[{"width":800,"height":384,"url":"https:\/\/www.haufe-akademie.de\/blog\/wp-content\/uploads\/2026\/08\/abwesenheitsnotiz.png","type":"image\/png"}],"author":"Online-Redaktion","twitter_card":"summary_large_image","twitter_creator":"@HaufeAkademie","twitter_site":"@HaufeAkademie","twitter_misc":{"Verfasst von":"Online-Redaktion","Gesch\u00e4tzte Lesezeit":" Minuten"},"schema":{"@context":"https:\/\/schema.org","@graph":[{"@type":"Article","@id":"https:\/\/www.haufe-akademie.de\/blog\/themen\/assistenz-und-office-management\/abwesenheitsnotiz\/#article","isPartOf":{"@id":"https:\/\/www.haufe-akademie.de\/blog\/themen\/assistenz-und-office-management\/abwesenheitsnotiz\/"},"author":{"name":"Angelika Joubert","@id":"https:\/\/www.haufe-akademie.de\/blog\/#\/schema\/person\/30fe9ce1c4f8c4f3f8529fe54c9add63"},"headline":"Abwesenheitsnotiz: Vorlagen f\u00fcr Urlaub, Krankheit und mehr","datePublished":"2026-09-04T06:51:07+00:00","mainEntityOfPage":{"@id":"https:\/\/www.haufe-akademie.de\/blog\/themen\/assistenz-und-office-management\/abwesenheitsnotiz\/"},"wordCount":1240,"publisher":{"@id":"https:\/\/www.haufe-akademie.de\/blog\/#organization"},"image":{"@id":"https:\/\/www.haufe-akademie.de\/blog\/themen\/assistenz-und-office-management\/abwesenheitsnotiz\/#primaryimage"},"thumbnailUrl":"https:\/\/www.haufe-akademie.de\/blog\/wp-content\/uploads\/2026\/08\/abwesenheitsnotiz.png","keywords":["Abwesenheitsnotiz Vorlage","Outlook Abwesenheitsnotiz Vorlage"],"articleSection":["Assistenz und Office-Management"],"inLanguage":"de-DE"},{"@type":"WebPage","@id":"https:\/\/www.haufe-akademie.de\/blog\/themen\/assistenz-und-office-management\/abwesenheitsnotiz\/","url":"https:\/\/www.haufe-akademie.de\/blog\/themen\/assistenz-und-office-management\/abwesenheitsnotiz\/","name":"Abwesenheitsnotiz richtig formulieren \u2013 Vorlagen & DSGVO-Tipps","isPartOf":{"@id":"https:\/\/www.haufe-akademie.de\/blog\/#website"},"primaryImageOfPage":{"@id":"https:\/\/www.haufe-akademie.de\/blog\/themen\/assistenz-und-office-management\/abwesenheitsnotiz\/#primaryimage"},"image":{"@id":"https:\/\/www.haufe-akademie.de\/blog\/themen\/assistenz-und-office-management\/abwesenheitsnotiz\/#primaryimage"},"thumbnailUrl":"https:\/\/www.haufe-akademie.de\/blog\/wp-content\/uploads\/2026\/08\/abwesenheitsnotiz.png","datePublished":"2026-09-04T06:51:07+00:00","description":"So schreibst du eine professionelle Abwesenheitsnotiz: Vorlagen f\u00fcr Urlaub, Krankheit & Co. \u2013 kostenlos & DSGVO-konform.","breadcrumb":{"@id":"https:\/\/www.haufe-akademie.de\/blog\/themen\/assistenz-und-office-management\/abwesenheitsnotiz\/#breadcrumb"},"inLanguage":"de-DE","potentialAction":[{"@type":"ReadAction","target":["https:\/\/www.haufe-akademie.de\/blog\/themen\/assistenz-und-office-management\/abwesenheitsnotiz\/"]}]},{"@type":"ImageObject","inLanguage":"de-DE","@id":"https:\/\/www.haufe-akademie.de\/blog\/themen\/assistenz-und-office-management\/abwesenheitsnotiz\/#primaryimage","url":"https:\/\/www.haufe-akademie.de\/blog\/wp-content\/uploads\/2026\/08\/abwesenheitsnotiz.png","contentUrl":"https:\/\/www.haufe-akademie.de\/blog\/wp-content\/uploads\/2026\/08\/abwesenheitsnotiz.png","width":800,"height":384},{"@type":"BreadcrumbList","@id":"https:\/\/www.haufe-akademie.de\/blog\/themen\/assistenz-und-office-management\/abwesenheitsnotiz\/#breadcrumb","itemListElement":[{"@type":"ListItem","position":1,"name":"Home","item":"https:\/\/www.haufe-akademie.de\/blog\/"},{"@type":"ListItem","position":2,"name":"Alle Beitr\u00e4ge","item":"https:\/\/www.haufe-akademie.de\/blog\/themen\/"},{"@type":"ListItem","position":3,"name":"Assistenz und Office-Management","item":"https:\/\/www.haufe-akademie.de\/blog\/themen\/assistenz-und-office-management\/"},{"@type":"ListItem","position":4,"name":"Abwesenheitsnotiz: Vorlagen f\u00fcr Urlaub, Krankheit und mehr"}]},{"@type":"WebSite","@id":"https:\/\/www.haufe-akademie.de\/blog\/#website","url":"https:\/\/www.haufe-akademie.de\/blog\/","name":"Haufe Akademie","description":"","publisher":{"@id":"https:\/\/www.haufe-akademie.de\/blog\/#organization"},"potentialAction":[{"@type":"SearchAction","target":{"@type":"EntryPoint","urlTemplate":"https:\/\/www.haufe-akademie.de\/blog\/?s={search_term_string}"},"query-input":{"@type":"PropertyValueSpecification","valueRequired":true,"valueName":"search_term_string"}}],"inLanguage":"de-DE"},{"@type":"Organization","@id":"https:\/\/www.haufe-akademie.de\/blog\/#organization","name":"Haufe Akademie","url":"https:\/\/www.haufe-akademie.de\/blog\/","logo":{"@type":"ImageObject","inLanguage":"de-DE","@id":"https:\/\/www.haufe-akademie.de\/blog\/#\/schema\/logo\/image\/","url":"https:\/\/www.haufe-akademie.de\/blog\/wp-content\/uploads\/2024\/06\/favicon_haufe.png","contentUrl":"https:\/\/www.haufe-akademie.de\/blog\/wp-content\/uploads\/2024\/06\/favicon_haufe.png","width":144,"height":144,"caption":"Haufe Akademie"},"image":{"@id":"https:\/\/www.haufe-akademie.de\/blog\/#\/schema\/logo\/image\/"},"sameAs":["https:\/\/www.facebook.com\/HaufeAkademie","https:\/\/x.com\/HaufeAkademie"]},{"@type":"Person","@id":"https:\/\/www.haufe-akademie.de\/blog\/#\/schema\/person\/30fe9ce1c4f8c4f3f8529fe54c9add63","name":"Angelika Joubert","image":{"@type":"ImageObject","inLanguage":"de-DE","@id":"https:\/\/secure.gravatar.com\/avatar\/ca5cde36dbd822cfde94622c5d54ebff8792edae6d9a95ed59d43c4d174d38a5?s=96&d=blank&r=g","url":"https:\/\/secure.gravatar.com\/avatar\/ca5cde36dbd822cfde94622c5d54ebff8792edae6d9a95ed59d43c4d174d38a5?s=96&d=blank&r=g","contentUrl":"https:\/\/secure.gravatar.com\/avatar\/ca5cde36dbd822cfde94622c5d54ebff8792edae6d9a95ed59d43c4d174d38a5?s=96&d=blank&r=g","caption":"Angelika Joubert"},"url":"https:\/\/www.haufe-akademie.de\/blog\/author\/angelika-joubert\/"}]}},"modified_by":"Angelika Joubert","jetpack_sharing_enabled":true,"amp_enabled":true,"jetpack_featured_media_url":"https:\/\/www.haufe-akademie.de\/blog\/wp-content\/uploads\/2026\/08\/abwesenheitsnotiz.png","_links":{"self":[{"href":"https:\/\/www.haufe-akademie.de\/blog\/wp-json\/wp\/v2\/posts\/48587","targetHints":{"allow":["GET"]}}],"collection":[{"href":"https:\/\/www.haufe-akademie.de\/blog\/wp-json\/wp\/v2\/posts"}],"about":[{"href":"https:\/\/www.haufe-akademie.de\/blog\/wp-json\/wp\/v2\/types\/post"}],"author":[{"embeddable":true,"href":"https:\/\/www.haufe-akademie.de\/blog\/wp-json\/wp\/v2\/users\/30"}],"replies":[{"embeddable":true,"href":"https:\/\/www.haufe-akademie.de\/blog\/wp-json\/wp\/v2\/comments?post=48587"}],"version-history":[{"count":5,"href":"https:\/\/www.haufe-akademie.de\/blog\/wp-json\/wp\/v2\/posts\/48587\/revisions"}],"predecessor-version":[{"id":48786,"href":"https:\/\/www.haufe-akademie.de\/blog\/wp-json\/wp\/v2\/posts\/48587\/revisions\/48786"}],"acf:post":[{"embeddable":true,"href":"https:\/\/www.haufe-akademie.de\/blog\/wp-json\/wp\/v2\/autoren\/5612"}],"wp:featuredmedia":[{"embeddable":true,"href":"https:\/\/www.haufe-akademie.de\/blog\/wp-json\/wp\/v2\/media\/48589"}],"wp:attachment":[{"href":"https:\/\/www.haufe-akademie.de\/blog\/wp-json\/wp\/v2\/media?parent=48587"}],"wp:term":[{"taxonomy":"category","embeddable":true,"href":"https:\/\/www.haufe-akademie.de\/blog\/wp-json\/wp\/v2\/categories?post=48587"},{"taxonomy":"post_tag","embeddable":true,"href":"https:\/\/www.haufe-akademie.de\/blog\/wp-json\/wp\/v2\/tags?post=48587"}],"curies":[{"name":"wp","href":"https:\/\/api.w.org\/{rel}","templated":true}]}}