{"id":5850,"date":"2019-02-25T10:00:39","date_gmt":"2019-02-25T09:00:39","guid":{"rendered":"https:\/\/www.haufe-akademie.de\/blog\/?p=5850"},"modified":"2021-11-25T13:56:44","modified_gmt":"2021-11-25T12:56:44","slug":"fuehren-in-der-vuka-welt","status":"publish","type":"post","link":"https:\/\/www.haufe-akademie.de\/blog\/themen\/general-management\/fuehren-in-der-vuka-welt\/","title":{"rendered":"General Leadership \u2013 F\u00fchren in der VUKA-Welt"},"content":{"rendered":"<p>Heute wertet die chinesische Regierung die Landesw\u00e4hrung ab, morgen sorgt das Russland-Embargo f\u00fcr Ausf\u00e4lle im Vertrieb, \u00fcbermorgen greifen Hacker:innen die Unternehmens-IT an. In diesem wechselhaften Umfeld &#8211; heute VUKA-Welt genannt &#8211; k\u00f6nnen Organisationen nur \u00fcberleben, wenn sie flexibel darauf reagieren und F\u00fchrung f\u00fcr Rahmenbedingungen sorgt, die das erm\u00f6glicht. Damit erh\u00e4lt \u201ef\u00fchren\u201d wieder h\u00f6chste Priorit\u00e4t und darf nicht l\u00e4nger zu einer Restt\u00e4tigkeit verkommen.<\/p>\n<p>Organisationen stellen sich immer als einen Reflex auf Kunden und den Markt dar. Weil sich Kund:innen und M\u00e4rkte heute so stark und schnell ver\u00e4ndern wie nie zuvor, wird das Organisationsdesign zu einer gro\u00dfen Entscheidung der Unternehmensleitung. In der VUKA-Welt, gepr\u00e4gt von Volatilit\u00e4t, Unsicherheit, Komplexit\u00e4t und Ambiguit\u00e4t, m\u00fcssen sich Unternehmer st\u00e4ndig fragen, ob ihr Organisationsdesign noch zu dem Markt passt, den sie bedienen wollen. Etablierte Organisationsformen wie Weisung und Kontrolle weichen agilen Netzwerken oder der projektorientierten und matrix-orientierten Organisation. Trotz guter Strategien sehen sich viele Organisationen am Rande der Belastbarkeit, k\u00f6nnen sich nur noch reaktiv verhalten. Unsere These lautet: Viele Projekte in diesem Umfeld scheitern, weil das Organisationsdesign nicht passt und das F\u00fchrungssystem nicht stimmt.<\/p>\n<h2>Abkehr von der zentralen Steuerung<\/h2>\n<p>Was bedeutet das konkret? Stellen Sie sich einen Turm vor, von dem aus Sie Ihre Mitarbeiter:innen zu einem Ziel dirigieren sollen. Solange die Sicht gut ist, funktionieren einfache Befehle wie \u201egeht rechts, geht links\u201d. Der Chef hat die Mitarbeiter:innen ebenso im Blick wie das Ziel. Das ist der alte F\u00fchrungsstil. Jetzt kommt Nebel auf. Schnell verschwinden die Mitarbeiter:innen im Dunst. Wie erreichen sie jetzt das Ziel? Sie brauchen dazu bestimmte F\u00e4higkeiten und Richtlinien, innerhalb derer sie frei entscheiden k\u00f6nnen. \u00dcbertragen auf den Unternehmensalltag stehen wir vor der Herausforderung, in ver\u00e4nderten Rahmenbedingungen zu agieren und zu steuern, weil die Vorhersagbarkeit so gering geworden ist. Damit stehen wir vor einem Paradigmenwechsel, denn \u00fcber Organisationssysteme ist die Ordnungsfunktion nicht mehr zu leisten. F\u00fchrung und F\u00fchrungskompetenzen werden in der VUKA-Welt ebenso wichtig wie das Organisationsdesign, aus dem sich das F\u00fchrungssystem ableiten l\u00e4sst.<\/p>\n<h2>F\u00fchrung ist, was Mitarbeitende erfolgreich macht<\/h2>\n<p>Wenn wir in diesem Sinne von F\u00fchrung sprechen, sprechen wir von einem F\u00fchrungssystem, das sich darum k\u00fcmmert, die Mitarbeiter:innen erfolgreich zu machen und die Rahmenbedingungen zu optimieren. Dabei ist die Planungs- und Kooperationsf\u00e4higkeit entscheidend. Das Zusammenspiel von Organisationsdesign und dem Selbstverst\u00e4ndnis der Mitarbeiter:innen ist ein zentraler Erfolgsfaktor f\u00fcr funktionierende Managementsysteme. Sie folgen einer flexiblen Struktur, die auf eigenverantwortliche, gestaltende Mitarbeiter:innen setzen und als agiles Netzwerk funktioniert. Aufgabe von F\u00fchrung in diesem Umfeld ist es vor allem, Rahmenbedingungen zu setzen, innerhalb derer sich das Unternehmen entfalten kann.<\/p>\n<h2>Mehr F\u00fchrung wagen in der VUKA-Welt<strong><br \/>\n<\/strong><\/h2>\n<p>Wer vor der Aufgabe steht, das F\u00fchrungssystem auf- und auszubauen, kann sich an folgenden Fragen orientieren:<\/p>\n<ul>\n<li>Wie wichtig ist f\u00fcr uns das Thema F\u00fchrung? Die Unternehmensleitung sollte F\u00fchrungsarbeit genauso honorieren wie Umsatzziele.<\/li>\n<li>Wie viel Prozent ihrer Arbeitszeit sollen F\u00fchrungskr\u00e4fte f\u00fcr reine F\u00fchrung aufbringen? Aktuell gehen Experten von ein bis drei Prozent aus. Zehn Prozent kann durchaus als notwendig betrachtet werden.<\/li>\n<li>Wie soll diese Zeit gef\u00fcllt werden? Ein Beispiel sind regelm\u00e4\u00dfige Mitarbeitendengespr\u00e4che.<\/li>\n<li>Welche F\u00fchrungselemente passen zu unserem Organisationssystem?<\/li>\n<li>Welche sind vorhanden, welche fehlen, welche passen nicht?<\/li>\n<li>Wie kann die Unternehmensleitung F\u00fchrungskr\u00e4fte selbst in ihrer F\u00fchrung steuern.<\/li>\n<\/ul>\n<div class=\"seminartipp\">\r\n\t\r\n\t<div class=\"content-wrapper\">\r\n\t\t\r\n\t\t\t<div class=\"image\">\r\n\t\t\t\t<img loading=\"lazy\" decoding=\"async\" width=\"153\" height=\"143\" src=\"https:\/\/www.haufe-akademie.de\/blog\/wp-content\/uploads\/2020\/12\/fuehrung-neu-gestalten-mit-ihrem-individuellen-new-leadership-programm.jpg\" class=\"attachment-pod size-pod\" alt=\"\" srcset=\"https:\/\/www.haufe-akademie.de\/blog\/wp-content\/uploads\/2020\/12\/fuehrung-neu-gestalten-mit-ihrem-individuellen-new-leadership-programm.jpg 620w, https:\/\/www.haufe-akademie.de\/blog\/wp-content\/uploads\/2020\/12\/fuehrung-neu-gestalten-mit-ihrem-individuellen-new-leadership-programm-150x140@2x.jpg 300w, https:\/\/www.haufe-akademie.de\/blog\/wp-content\/uploads\/2020\/12\/fuehrung-neu-gestalten-mit-ihrem-individuellen-new-leadership-programm-150x140.jpg 150w, https:\/\/www.haufe-akademie.de\/blog\/wp-content\/uploads\/2020\/12\/fuehrung-neu-gestalten-mit-ihrem-individuellen-new-leadership-programm-300x281@2x.jpg 600w\" sizes=\"auto, (max-width: 153px) 100vw, 153px\" \/>\r\n\t\t\t<\/div>\r\n\t\t\r\n\t\t<div class=\"content\">\r\n\t\t\t\r\n\t\t\t<p class=\"h3\">New Leadership Programm<\/p>\r\n\t\t\t<p>Schicken Sie F\u00fchrungskr\u00e4fte auf eine Entwicklungsreise: F\u00fchrung neu gestalten mit Ihrem individuellen New Leadership Programm.<\/p>\n<br\/>\r\n\t\t\t<a class=\"btn\" href=\"https:\/\/www.haufe-akademie.de\/corporate-learning\/entwicklungsprogramme\/new-leadership\" onclick=\"target_econda_article()\" data-track-style=\"clickbtn\" data-track-type=\"link\" data-track-action=\"recoprimary\" target=\"_blank\">Leadership Programm<\/a>\r\n\t\t<\/div>\r\n\t<\/div>\r\n\t<div class=\"clear\"><\/div>\r\n\t\r\n<\/div>","protected":false},"excerpt":{"rendered":"<p>Heute wertet die chinesische Regierung die Landesw\u00e4hrung ab, morgen sorgt das Russland-Embargo f\u00fcr Ausf\u00e4lle im Vertrieb, \u00fcbermorgen greifen Hacker:innen die Unternehmens-IT an. In diesem wechselhaften Umfeld &#8211; heute VUKA-Welt genannt &#8211; k\u00f6nnen Organisationen nur \u00fcberleben, wenn sie flexibel darauf reagieren und F\u00fchrung f\u00fcr Rahmenbedingungen sorgt, die das erm\u00f6glicht. Damit erh\u00e4lt \u201ef\u00fchren\u201d wieder h\u00f6chste Priorit\u00e4t und<\/p>\n<div class=\"pageReadMore\"><i class=\"fa fa-angle-right\"><\/i><a href=\"https:\/\/www.haufe-akademie.de\/blog\/themen\/general-management\/fuehren-in-der-vuka-welt\/\" title=\"Beitrag lesen\">Beitrag lesen<\/a><\/div>\n","protected":false},"author":30,"featured_media":7217,"comment_status":"closed","ping_status":"closed","sticky":false,"template":"","format":"standard","meta":{"_acf_changed":false,"_lmt_disableupdate":"","_lmt_disable":"no","_jetpack_memberships_contains_paid_content":false,"footnotes":""},"categories":[413],"tags":[65,574,733],"class_list":{"0":"post-5850","1":"post","2":"type-post","3":"status-publish","4":"format-standard","5":"has-post-thumbnail","7":"category-general-management","8":"tag-fuehrung","9":"tag-organisation","10":"tag-vuka"},"acf":{"p_authors":[4887]},"yoast_head":"<!-- This site is optimized with the Yoast SEO plugin v27.4 - https:\/\/yoast.com\/product\/yoast-seo-wordpress\/ -->\n<title>General Leadership \u2013 F\u00fchren in der VUKA-Welt<\/title>\n<meta name=\"description\" content=\"In der VUKA-Welt, gepr\u00e4gt von Volatilit\u00e4t, Unsicherheit, Komplexit\u00e4t und Ambiguit\u00e4t, m\u00fcssen Unternehmer mehr F\u00fchrung wagen. Wie, das lesen Sie hier!\" \/>\n<meta name=\"robots\" content=\"index, follow, max-snippet:-1, max-image-preview:large, max-video-preview:-1\" \/>\n<link rel=\"canonical\" href=\"https:\/\/www.haufe-akademie.de\/blog\/themen\/general-management\/fuehren-in-der-vuka-welt\/\" \/>\n<meta property=\"og:locale\" content=\"de_DE\" \/>\n<meta property=\"og:type\" content=\"article\" \/>\n<meta property=\"og:title\" content=\"General Leadership \u2013 F\u00fchren in der VUKA-Welt\" \/>\n<meta property=\"og:description\" content=\"In der VUKA-Welt, gepr\u00e4gt von Volatilit\u00e4t, Unsicherheit, Komplexit\u00e4t und Ambiguit\u00e4t, m\u00fcssen Unternehmer mehr F\u00fchrung wagen. Wie, das lesen Sie hier!\" \/>\n<meta property=\"og:url\" content=\"https:\/\/www.haufe-akademie.de\/blog\/themen\/general-management\/fuehren-in-der-vuka-welt\/\" \/>\n<meta property=\"og:site_name\" content=\"Haufe Akademie\" \/>\n<meta property=\"article:publisher\" content=\"https:\/\/www.facebook.com\/HaufeAkademie\" \/>\n<meta property=\"article:published_time\" content=\"2019-02-25T09:00:39+00:00\" \/>\n<meta property=\"article:modified_time\" content=\"2021-11-25T12:56:44+00:00\" \/>\n<meta property=\"og:image\" content=\"https:\/\/www.haufe-akademie.de\/blog\/wp-content\/uploads\/2016\/01\/General-Leadership-\u2013-F\u00fchren-in-der-VUKA-Welt.jpg\" \/>\n\t<meta property=\"og:image:width\" content=\"799\" \/>\n\t<meta property=\"og:image:height\" content=\"385\" \/>\n\t<meta property=\"og:image:type\" content=\"image\/jpeg\" \/>\n<meta name=\"author\" content=\"Ulrich Grannemann\" \/>\n<meta name=\"twitter:card\" content=\"summary_large_image\" \/>\n<meta name=\"twitter:creator\" content=\"@HaufeAkademie\" \/>\n<meta name=\"twitter:site\" content=\"@HaufeAkademie\" \/>\n<meta name=\"twitter:label1\" content=\"Verfasst von\" \/>\n\t<meta name=\"twitter:data1\" content=\"Ulrich Grannemann\" \/>\n\t<meta name=\"twitter:label2\" content=\"Gesch\u00e4tzte Lesezeit\" \/>\n\t<meta name=\"twitter:data2\" content=\" Minuten\" \/>\n<!-- \/ Yoast SEO plugin. -->","yoast_head_json":{"title":"General Leadership \u2013 F\u00fchren in der VUKA-Welt","description":"In der VUKA-Welt, gepr\u00e4gt von Volatilit\u00e4t, Unsicherheit, Komplexit\u00e4t und Ambiguit\u00e4t, m\u00fcssen Unternehmer mehr F\u00fchrung wagen. Wie, das lesen Sie hier!","robots":{"index":"index","follow":"follow","max-snippet":"max-snippet:-1","max-image-preview":"max-image-preview:large","max-video-preview":"max-video-preview:-1"},"canonical":"https:\/\/www.haufe-akademie.de\/blog\/themen\/general-management\/fuehren-in-der-vuka-welt\/","og_locale":"de_DE","og_type":"article","og_title":"General Leadership \u2013 F\u00fchren in der VUKA-Welt","og_description":"In der VUKA-Welt, gepr\u00e4gt von Volatilit\u00e4t, Unsicherheit, Komplexit\u00e4t und Ambiguit\u00e4t, m\u00fcssen Unternehmer mehr F\u00fchrung wagen. Wie, das lesen Sie hier!","og_url":"https:\/\/www.haufe-akademie.de\/blog\/themen\/general-management\/fuehren-in-der-vuka-welt\/","og_site_name":"Haufe Akademie","article_publisher":"https:\/\/www.facebook.com\/HaufeAkademie","article_published_time":"2019-02-25T09:00:39+00:00","article_modified_time":"2021-11-25T12:56:44+00:00","og_image":[{"width":799,"height":385,"url":"https:\/\/www.haufe-akademie.de\/blog\/wp-content\/uploads\/2016\/01\/General-Leadership-\u2013-F\u00fchren-in-der-VUKA-Welt.jpg","type":"image\/jpeg"}],"author":"Ulrich Grannemann","twitter_card":"summary_large_image","twitter_creator":"@HaufeAkademie","twitter_site":"@HaufeAkademie","twitter_misc":{"Verfasst von":"Ulrich Grannemann","Gesch\u00e4tzte Lesezeit":" Minuten"},"schema":{"@context":"https:\/\/schema.org","@graph":[{"@type":"Article","@id":"https:\/\/www.haufe-akademie.de\/blog\/themen\/general-management\/fuehren-in-der-vuka-welt\/#article","isPartOf":{"@id":"https:\/\/www.haufe-akademie.de\/blog\/themen\/general-management\/fuehren-in-der-vuka-welt\/"},"author":{"name":"Angelika Joubert","@id":"https:\/\/www.haufe-akademie.de\/blog\/#\/schema\/person\/30fe9ce1c4f8c4f3f8529fe54c9add63"},"headline":"General Leadership \u2013 F\u00fchren in der VUKA-Welt","datePublished":"2019-02-25T09:00:39+00:00","dateModified":"2021-11-25T12:56:44+00:00","mainEntityOfPage":{"@id":"https:\/\/www.haufe-akademie.de\/blog\/themen\/general-management\/fuehren-in-der-vuka-welt\/"},"wordCount":589,"publisher":{"@id":"https:\/\/www.haufe-akademie.de\/blog\/#organization"},"image":{"@id":"https:\/\/www.haufe-akademie.de\/blog\/themen\/general-management\/fuehren-in-der-vuka-welt\/#primaryimage"},"thumbnailUrl":"https:\/\/www.haufe-akademie.de\/blog\/wp-content\/uploads\/2016\/01\/General-Leadership-\u2013-F\u00fchren-in-der-VUKA-Welt.jpg","keywords":["F\u00fchrung","Organisation","VUKA"],"articleSection":["General Management"],"inLanguage":"de-DE"},{"@type":"WebPage","@id":"https:\/\/www.haufe-akademie.de\/blog\/themen\/general-management\/fuehren-in-der-vuka-welt\/","url":"https:\/\/www.haufe-akademie.de\/blog\/themen\/general-management\/fuehren-in-der-vuka-welt\/","name":"General Leadership \u2013 F\u00fchren in der VUKA-Welt","isPartOf":{"@id":"https:\/\/www.haufe-akademie.de\/blog\/#website"},"primaryImageOfPage":{"@id":"https:\/\/www.haufe-akademie.de\/blog\/themen\/general-management\/fuehren-in-der-vuka-welt\/#primaryimage"},"image":{"@id":"https:\/\/www.haufe-akademie.de\/blog\/themen\/general-management\/fuehren-in-der-vuka-welt\/#primaryimage"},"thumbnailUrl":"https:\/\/www.haufe-akademie.de\/blog\/wp-content\/uploads\/2016\/01\/General-Leadership-\u2013-F\u00fchren-in-der-VUKA-Welt.jpg","datePublished":"2019-02-25T09:00:39+00:00","dateModified":"2021-11-25T12:56:44+00:00","description":"In der VUKA-Welt, gepr\u00e4gt von Volatilit\u00e4t, Unsicherheit, Komplexit\u00e4t und Ambiguit\u00e4t, m\u00fcssen Unternehmer mehr F\u00fchrung wagen. Wie, das lesen Sie hier!","breadcrumb":{"@id":"https:\/\/www.haufe-akademie.de\/blog\/themen\/general-management\/fuehren-in-der-vuka-welt\/#breadcrumb"},"inLanguage":"de-DE","potentialAction":[{"@type":"ReadAction","target":["https:\/\/www.haufe-akademie.de\/blog\/themen\/general-management\/fuehren-in-der-vuka-welt\/"]}]},{"@type":"ImageObject","inLanguage":"de-DE","@id":"https:\/\/www.haufe-akademie.de\/blog\/themen\/general-management\/fuehren-in-der-vuka-welt\/#primaryimage","url":"https:\/\/www.haufe-akademie.de\/blog\/wp-content\/uploads\/2016\/01\/General-Leadership-\u2013-F\u00fchren-in-der-VUKA-Welt.jpg","contentUrl":"https:\/\/www.haufe-akademie.de\/blog\/wp-content\/uploads\/2016\/01\/General-Leadership-\u2013-F\u00fchren-in-der-VUKA-Welt.jpg","width":799,"height":385},{"@type":"BreadcrumbList","@id":"https:\/\/www.haufe-akademie.de\/blog\/themen\/general-management\/fuehren-in-der-vuka-welt\/#breadcrumb","itemListElement":[{"@type":"ListItem","position":1,"name":"Home","item":"https:\/\/www.haufe-akademie.de\/blog\/"},{"@type":"ListItem","position":2,"name":"Alle Beitr\u00e4ge","item":"https:\/\/www.haufe-akademie.de\/blog\/themen\/"},{"@type":"ListItem","position":3,"name":"General Management","item":"https:\/\/www.haufe-akademie.de\/blog\/themen\/general-management\/"},{"@type":"ListItem","position":4,"name":"General Leadership \u2013 F\u00fchren in der VUKA-Welt"}]},{"@type":"WebSite","@id":"https:\/\/www.haufe-akademie.de\/blog\/#website","url":"https:\/\/www.haufe-akademie.de\/blog\/","name":"Haufe Akademie","description":"","publisher":{"@id":"https:\/\/www.haufe-akademie.de\/blog\/#organization"},"potentialAction":[{"@type":"SearchAction","target":{"@type":"EntryPoint","urlTemplate":"https:\/\/www.haufe-akademie.de\/blog\/?s={search_term_string}"},"query-input":{"@type":"PropertyValueSpecification","valueRequired":true,"valueName":"search_term_string"}}],"inLanguage":"de-DE"},{"@type":"Organization","@id":"https:\/\/www.haufe-akademie.de\/blog\/#organization","name":"Haufe Akademie","url":"https:\/\/www.haufe-akademie.de\/blog\/","logo":{"@type":"ImageObject","inLanguage":"de-DE","@id":"https:\/\/www.haufe-akademie.de\/blog\/#\/schema\/logo\/image\/","url":"https:\/\/www.haufe-akademie.de\/blog\/wp-content\/uploads\/2024\/06\/favicon_haufe.png","contentUrl":"https:\/\/www.haufe-akademie.de\/blog\/wp-content\/uploads\/2024\/06\/favicon_haufe.png","width":144,"height":144,"caption":"Haufe Akademie"},"image":{"@id":"https:\/\/www.haufe-akademie.de\/blog\/#\/schema\/logo\/image\/"},"sameAs":["https:\/\/www.facebook.com\/HaufeAkademie","https:\/\/x.com\/HaufeAkademie"]},{"@type":"Person","@id":"https:\/\/www.haufe-akademie.de\/blog\/#\/schema\/person\/30fe9ce1c4f8c4f3f8529fe54c9add63","name":"Angelika Joubert","image":{"@type":"ImageObject","inLanguage":"de-DE","@id":"https:\/\/secure.gravatar.com\/avatar\/ca5cde36dbd822cfde94622c5d54ebff8792edae6d9a95ed59d43c4d174d38a5?s=96&d=blank&r=g","url":"https:\/\/secure.gravatar.com\/avatar\/ca5cde36dbd822cfde94622c5d54ebff8792edae6d9a95ed59d43c4d174d38a5?s=96&d=blank&r=g","contentUrl":"https:\/\/secure.gravatar.com\/avatar\/ca5cde36dbd822cfde94622c5d54ebff8792edae6d9a95ed59d43c4d174d38a5?s=96&d=blank&r=g","caption":"Angelika Joubert"},"url":"https:\/\/www.haufe-akademie.de\/blog\/author\/angelika-joubert\/"}]}},"modified_by":"Angelika Joubert","jetpack_featured_media_url":"https:\/\/www.haufe-akademie.de\/blog\/wp-content\/uploads\/2016\/01\/General-Leadership-\u2013-F\u00fchren-in-der-VUKA-Welt.jpg","jetpack_sharing_enabled":true,"amp_enabled":true,"_links":{"self":[{"href":"https:\/\/www.haufe-akademie.de\/blog\/wp-json\/wp\/v2\/posts\/5850","targetHints":{"allow":["GET"]}}],"collection":[{"href":"https:\/\/www.haufe-akademie.de\/blog\/wp-json\/wp\/v2\/posts"}],"about":[{"href":"https:\/\/www.haufe-akademie.de\/blog\/wp-json\/wp\/v2\/types\/post"}],"author":[{"embeddable":true,"href":"https:\/\/www.haufe-akademie.de\/blog\/wp-json\/wp\/v2\/users\/30"}],"replies":[{"embeddable":true,"href":"https:\/\/www.haufe-akademie.de\/blog\/wp-json\/wp\/v2\/comments?post=5850"}],"version-history":[{"count":6,"href":"https:\/\/www.haufe-akademie.de\/blog\/wp-json\/wp\/v2\/posts\/5850\/revisions"}],"predecessor-version":[{"id":27451,"href":"https:\/\/www.haufe-akademie.de\/blog\/wp-json\/wp\/v2\/posts\/5850\/revisions\/27451"}],"acf:post":[{"embeddable":true,"href":"https:\/\/www.haufe-akademie.de\/blog\/wp-json\/wp\/v2\/autoren\/4887"}],"wp:featuredmedia":[{"embeddable":true,"href":"https:\/\/www.haufe-akademie.de\/blog\/wp-json\/wp\/v2\/media\/7217"}],"wp:attachment":[{"href":"https:\/\/www.haufe-akademie.de\/blog\/wp-json\/wp\/v2\/media?parent=5850"}],"wp:term":[{"taxonomy":"category","embeddable":true,"href":"https:\/\/www.haufe-akademie.de\/blog\/wp-json\/wp\/v2\/categories?post=5850"},{"taxonomy":"post_tag","embeddable":true,"href":"https:\/\/www.haufe-akademie.de\/blog\/wp-json\/wp\/v2\/tags?post=5850"}],"curies":[{"name":"wp","href":"https:\/\/api.w.org\/{rel}","templated":true}]}}